{"id":4136,"date":"2022-05-11T21:19:12","date_gmt":"2022-05-11T21:19:12","guid":{"rendered":"https:\/\/hcontrolfilm.com.br\/novo\/pelicula-para-reducao-de-calor-residencial\/"},"modified":"2022-05-11T21:19:12","modified_gmt":"2022-05-11T21:19:12","slug":"pelicula-para-reducao-de-calor-residencial","status":"publish","type":"post","link":"https:\/\/hcontrolfilm.com.br\/novo\/pelicula-para-reducao-de-calor-residencial\/","title":{"rendered":"Pel\u00edcula para redu\u00e7\u00e3o de calor residencial"},"content":{"rendered":"<p>Pel\u00edculas que reduzem calor em resid\u00eancias s\u00e3o um recurso imprescind\u00edvel, pois a quentura do dia pode deixar o mais agrad\u00e1vel dos ambientes insuport\u00e1vel.<\/p>\n<p>Isso porque, devido \u00e0 carga t\u00e9rmica do sol, o calor se acumula no interior do ambiente, exigindo a presen\u00e7a de ventiladores ou refrigeradores de ar.<\/p>\n<p>O problema \u00e9 que muitos ventiladores s\u00e3o barulhentos, causam secura nos olhos e n\u00e3o agradam a todos. Da mesma forma, os refrigeradores de ar que podem irritar as pessoas mais sens\u00edveis, al\u00e9m do alto custo de energia que os mesmos consomem.<\/p>\n<p>Em fun\u00e7\u00e3o disso, muitas resid\u00eancias, sejam casas ou apartamentos, t\u00eam recorrido \u00e0s funcionalidades das pel\u00edculas de redu\u00e7\u00e3o de calor que produzem um maior conforto t\u00e9rmico nos ambientes.<\/p>\n<h2>O problema n\u00e3o \u00e9 s\u00f3 calor<\/h2>\n<p>Este \u00e9 um ponto muito importante. Os raios do sol s\u00e3o divididos em tr\u00eas, sendo UVA, UVB e UVC. O UVC n\u00e3o adentra no planeta e \u00e9 barrado pela camada de oz\u00f4nio, por\u00e9m os raios ultravioleta A e ultravioleta B penetram no globo e podem causar diversos males e preju\u00edzos quando n\u00e3o sabemos como lidar com os mesmos.<\/p>\n<p>A radia\u00e7\u00e3o ultravioleta A chega ao planeta e o \u201cbombardeia\u201d desde o primeiro raio de sol do dia at\u00e9 o \u00faltimo e pode desbotar m\u00f3veis, cortinas, carpetes e afetar aparelhos eletr\u00f4nicos.<\/p>\n<p>Produtos expostos em vitrines que recebam raios de sol diretamente, por exemplo, tendem a perder suas caracter\u00edsticas, fazendo com que comerciantes tomem preju\u00edzo com a perda de mercadorias.<\/p>\n<p>Em casas e apartamentos isso n\u00e3o \u00e9 diferente, afinal \u00e9 o mesmo sol para todos, agindo igualmente sobre tudo.<\/p>\n<p>A a\u00e7\u00e3o dos raios ultravioleta tamb\u00e9m pode causar doen\u00e7as de pele, como c\u00e2ncer de pele e envelhecimento de precoce que afeta crian\u00e7as e adultos.<\/p>\n<p>&nbsp;<\/p>\n<h2>Pel\u00edculas residenciais para resolver problema de calor com prote\u00e7\u00e3o UV<\/h2>\n<p>Com pel\u00edculas de performance, popularmente, mas incorretamente conhecidas como \u201cinsulfilm\u201d, pode-se criar uma barreira protetiva que rejeita os raios ultravioleta em 99% de forma garantida e testada, inclusive na sua presen\u00e7a, logo ap\u00f3s instalada.<\/p>\n<p>Estas mesmas pel\u00edculas tamb\u00e9m s\u00e3o capazes de bloquear e rejeitar o calor em at\u00e9 80% e, da mesma forma que com o teste anti UV, \u00e9 feito um teste de redu\u00e7\u00e3o de calor logo ap\u00f3s instaladas nos vidros.<\/p>\n<p>E efeito ben\u00e9fico das pel\u00edculas \u00e9 obtido de forma imediata. Elas n\u00e3o acumulam calor do lado de fora, mas sim rejeitam o calor, permitindo apenas a passagem de luz que tamb\u00e9m pode ter seu excesso reduzido para um n\u00edvel ideal.<\/p>\n<h2>Pel\u00edculas Residenciais para excesso de luminosidade<\/h2>\n<p>Saiba tamb\u00e9m que \u00e9 poss\u00edvel, com as mesmas pel\u00edculas que reduzem calor e bloqueiam os raios ultravioleta, acabar com a luminosidade em excesso sem perder a vis\u00e3o do exterior a partir do interior do ambiente.<\/p>\n<p>Sabe aquela sala que demanda o uso de cortinas que deixam o ambiente mais quente? Voc\u00ea pode substituir pelas pel\u00edculas e, se quiser continuar usando cortinas, fica a seu gosto.<\/p>\n<h2>Op\u00e7\u00f5es de pel\u00edculas residenciais contra calor<\/h2>\n<p>Caso voc\u00ea tenha alguma restri\u00e7\u00e3o quanto \u00e0 modifica\u00e7\u00e3o de fachada, saiba que existem diversas configura\u00e7\u00f5es que possuem uma enorme variedade, combinando cores, espelhamento e opacidade.<\/p>\n<p>E sabemos que neste universo de pel\u00edculas, uma das maiores dificuldades \u00e9 a especifica\u00e7\u00e3o adequada que vincule a satisfa\u00e7\u00e3o do cliente com o respeito \u00e0s poss\u00edveis restri\u00e7\u00f5es do local ou mesmo com a decora\u00e7\u00e3o interna e externa do im\u00f3vel.<\/p>\n<p>\u00c9 por isso que voc\u00ea pode contar com nosso atendimento especializado que far\u00e1 todo o levantamento para designar a pel\u00edcula ideal para o seu caso espec\u00edfico, sem risco de sofrer san\u00e7\u00f5es ou se arrepender.<\/p>\n<h2>Onde usar as pel\u00edculas residenciais para reduzir calor?<\/h2>\n<p>As pel\u00edculas residenciais com o objetivo de prote\u00e7\u00e3o UV e redu\u00e7\u00e3o de calor podem ser aplicadas em:<\/p>\n<ul>\n<li>Janelas dos quartos<\/li>\n<li>Varandas envidra\u00e7adas<\/li>\n<li>Tetos de vidro<\/li>\n<li>Basculantes<\/li>\n<li>Portas de vidro<\/li>\n<\/ul>\n<p>&nbsp;<\/p>\n<h2>Contato de instala\u00e7\u00e3o de pel\u00edculas residenciais contra calor<\/h2>\n<p>Diretamente em nosso site, voc\u00ea pode acionar nosso atendimento via Whatsapp ou telefone, bem como mail e formul\u00e1rio e ser atendido na hora por um profissional especializado e experiente em especifica\u00e7\u00e3o de pel\u00edculas em qualquer tipo de ambiente.<\/p>\n<p>Este \u00e9 um servi\u00e7o gratuito e sem compromisso. Conhe\u00e7a nossas pel\u00edculas e saiba quais s\u00e3o todos os seus benef\u00edcios!<\/p>\n","protected":false},"excerpt":{"rendered":"<p>Pel\u00edculas que reduzem calor em resid\u00eancias s\u00e3o um recurso imprescind\u00edvel, pois a quentura do dia pode deixar o mais agrad\u00e1vel dos ambientes insuport\u00e1vel. Isso porque, devido \u00e0 carga t\u00e9rmica do sol, o calor se acumula no interior do ambiente, exigindo a presen\u00e7a de ventiladores ou refrigeradores de ar. O problema \u00e9 que muitos ventiladores s\u00e3o &hellip;<\/p>\n<p class=\"read-more\"> <a class=\"\" href=\"https:\/\/hcontrolfilm.com.br\/novo\/pelicula-para-reducao-de-calor-residencial\/\"> <span class=\"screen-reader-text\">Pel\u00edcula para redu\u00e7\u00e3o de calor residencial<\/span> Read More &raquo;<\/a><\/p>\n","protected":false},"author":4,"featured_media":0,"comment_status":"closed","ping_status":"closed","sticky":false,"template":"","format":"standard","meta":{"site-sidebar-layout":"default","site-content-layout":"default","ast-global-header-display":"","ast-main-header-display":"","ast-hfb-above-header-display":"","ast-hfb-below-header-display":"","ast-hfb-mobile-header-display":"","site-post-title":"","ast-breadcrumbs-content":"","ast-featured-img":"","footer-sml-layout":"","theme-transparent-header-meta":"","adv-header-id-meta":"","stick-header-meta":"","header-above-stick-meta":"","header-main-stick-meta":"","header-below-stick-meta":"","footnotes":""},"categories":[72],"tags":[],"class_list":["post-4136","post","type-post","status-publish","format-standard","hentry","category-pelicula-anti-calor"],"_links":{"self":[{"href":"https:\/\/hcontrolfilm.com.br\/novo\/wp-json\/wp\/v2\/posts\/4136","targetHints":{"allow":["GET"]}}],"collection":[{"href":"https:\/\/hcontrolfilm.com.br\/novo\/wp-json\/wp\/v2\/posts"}],"about":[{"href":"https:\/\/hcontrolfilm.com.br\/novo\/wp-json\/wp\/v2\/types\/post"}],"author":[{"embeddable":true,"href":"https:\/\/hcontrolfilm.com.br\/novo\/wp-json\/wp\/v2\/users\/4"}],"replies":[{"embeddable":true,"href":"https:\/\/hcontrolfilm.com.br\/novo\/wp-json\/wp\/v2\/comments?post=4136"}],"version-history":[{"count":0,"href":"https:\/\/hcontrolfilm.com.br\/novo\/wp-json\/wp\/v2\/posts\/4136\/revisions"}],"wp:attachment":[{"href":"https:\/\/hcontrolfilm.com.br\/novo\/wp-json\/wp\/v2\/media?parent=4136"}],"wp:term":[{"taxonomy":"category","embeddable":true,"href":"https:\/\/hcontrolfilm.com.br\/novo\/wp-json\/wp\/v2\/categories?post=4136"},{"taxonomy":"post_tag","embeddable":true,"href":"https:\/\/hcontrolfilm.com.br\/novo\/wp-json\/wp\/v2\/tags?post=4136"}],"curies":[{"name":"wp","href":"https:\/\/api.w.org\/{rel}","templated":true}]}}