{"id":4126,"date":"2022-04-14T22:10:36","date_gmt":"2022-04-14T22:10:36","guid":{"rendered":"https:\/\/hcontrolfilm.com.br\/novo\/pelicula-uva-e-uvb\/"},"modified":"2022-04-14T22:10:36","modified_gmt":"2022-04-14T22:10:36","slug":"pelicula-uva-e-uvb","status":"publish","type":"post","link":"https:\/\/hcontrolfilm.com.br\/novo\/pelicula-uva-e-uvb\/","title":{"rendered":"Pel\u00edcula UVA e UVB"},"content":{"rendered":"<p>O sol emana raios UVA, UVB e UVC. Esses raios s\u00e3o impercept\u00edveis \u00e0 vis\u00e3o, mas podemos sentir os efeitos em nosso corpo, especialmente em nossa pele e olhos.<\/p>\n<p>Totalmente bloqueados pela camada de oz\u00f4nio, os raios UVC n\u00e3o adentram no planeta terra e dessa maneira n\u00e3o nos atingem.<\/p>\n<p>Nossas aten\u00e7\u00f5es se voltam ent\u00e3o para os raios UVA e UVB cuja exposi\u00e7\u00e3o demasiada e constante a eles pode causar diversos danos \u00e0 pele e olhos.<\/p>\n<p>Os raios que mais geram preocupa\u00e7\u00e3o s\u00e3o os raios UVA, pois eles continuam incidindo sobre a pele todos os dias, independente do clima.<\/p>\n<p>Esteja frio, chuva, sol, garoa ou at\u00e9 neve, os raios UVA estar\u00e3o presentes atuando sobre a pele, penetrando-a profundamente, podendo causar envelhecimento precoce, manchas na derme, alergias e doen\u00e7as graves como o c\u00e2ncer de pele.<\/p>\n<p>Esses raios UVA s\u00e3o os que mais preocupam e representam 95% da radia\u00e7\u00e3o solar emanada.<\/p>\n<p>O per\u00edodo mais cr\u00edtico \u00e9 ap\u00f3s as 9h da manh\u00e3, se estendendo at\u00e9 as 16h quando a posi\u00e7\u00e3o do sol est\u00e1 mais proeminente sobre o planeta. Com isso, quando n\u00e3o h\u00e1 preven\u00e7\u00e3o, esses raios podem se tornar perigosos n\u00e3o s\u00f3 para crian\u00e7as, como tamb\u00e9m para adultos.<\/p>\n<p>Sardas e manchas s\u00e3o resultados de uma exposi\u00e7\u00e3o cont\u00ednua e exagerada a esses dois tipos de raios violeta. E ainda podemos mencionar o t\u00e3o temido c\u00e2ncer de pele.<\/p>\n<h2>Qual o significado de UVA e UVC?<\/h2>\n<p>A sigla UV significa ultravioleta. Assim, UVA significa ultravioleta A, UVB ultravioleta B e, obviamente, UV significa ultravioleta C.<\/p>\n<p>Raios UVA: raios ultravioleta A possuem alt\u00edssima incid\u00eancia na superf\u00edcie do planeta, sendo maior do que os raios UVB, pois seu impacto independe do clima, mantendo sua a\u00e7\u00e3o mesmo em tempos chuvosos e nublados. Sua presen\u00e7a ocorre desde os primeiros raios de sol at\u00e9 os \u00faltimos. S\u00e3o impercept\u00edveis aos olhos, mas enquanto dia, bombardeiam <a href=\"https:\/\/hcontrolfilm.com.br\/novo\/o-que-o-sol-faz-com-nossa-pele\/\">nossa pele<\/a>.<\/p>\n<p>Raios UVB: ou raios ultravioleta B s\u00e3o os causadores de queimaduras e vermelhid\u00f5es na pele ap\u00f3s determinado per\u00edodo de exposi\u00e7\u00e3o ao sol. Estes raios t\u00eam a\u00e7\u00e3o mais contundente em esta\u00e7\u00f5es mais quentes do ano.<\/p>\n<p>Raios UVC: Estes, como dissemos antes, s\u00e3o totalmente bloqueados pela camada de oz\u00f4nio, n\u00e3o sendo prejudiciais \u00e1 sa\u00fade.<\/p>\n<p><a href=\"https:\/\/hcontrolfilm.com.br\/novo\/wp-content\/uploads\/2022\/04\/pelicula-uva-uvb.jpg\"><img fetchpriority=\"high\" decoding=\"async\" class=\"aligncenter size-full wp-image-4127\" src=\"https:\/\/hcontrolfilm.com.br\/novo\/wp-content\/uploads\/2022\/04\/pelicula-uva-uvb.jpg\" alt=\"\" width=\"1000\" height=\"700\" \/><\/a><\/p>\n<h2>Como se proteger dos raios UVA e UVB?<\/h2>\n<p>Roupas com prote\u00e7\u00e3o UV, protetor solar, evitar estar exposto ao sol demasiadamente e nas horas mais cr\u00edticas s\u00e3o algumas medidas que podem ser adotadas.<\/p>\n<p>Por\u00e9m, e quando estamos dentro da nossa casa, escrit\u00f3rio ou at\u00e9 mesmo dentro do carro e o sol \u00e9 inevit\u00e1vel?<\/p>\n<p>\u00c9 a\u00ed que entram as pel\u00edculas de prote\u00e7\u00e3o solar, com a\u00e7\u00e3o de redu\u00e7\u00e3o de calor e bloqueio total dos raios UVA.<\/p>\n<p>Antes as pel\u00edculas que eram utilizadas apenas para escurecimento do vidro, hoje podem ser utilizadas tamb\u00e9m para prote\u00e7\u00e3o contra os efeitos nocivos dos raios solares.<\/p>\n<p>O insulfilm de prote\u00e7\u00e3o solar, como tamb\u00e9m \u00e9 conhecido, est\u00e1 dispon\u00edvel em diversas configura\u00e7\u00f5es que visam atender gostos, necessidades e restri\u00e7\u00f5es das pessoas.<\/p>\n<p>&nbsp;<\/p>\n<h2>Como funciona a pel\u00edcula de prote\u00e7\u00e3o UVA e UVB?<\/h2>\n<p>Essas pel\u00edculas s\u00e3o adesivadas aos vidros de superf\u00edcie lisa para melhor ader\u00eancia e sua durabilidade pode ser de dez anos ou mais, com garantia de f\u00e1brica.<\/p>\n<p>Possuem em sua composi\u00e7\u00e3o v\u00e1rias folhas de camadas que exercem fun\u00e7\u00f5es diversas.<\/p>\n<p>Uma <a href=\"https:\/\/hcontrolfilm.com.br\/novo\/peliculas-de-protecao-solar-saiba-porque-voce-nao-pode-viver-sem-elas\/\">pel\u00edcula fum\u00ea com a\u00e7\u00e3o de prote\u00e7\u00e3o solar<\/a> possui a camada de escurecimento, a camada de bloqueio de calor e m\u00faltiplas camadas de rejei\u00e7\u00e3o de raios UVA.<\/p>\n<p>Com isso, o ambiente t\u00e3o afetado pelo sol se torna imediatamente protegido t\u00e3o logo o insulfilm UVA e UVB seja aplicado aos vidros.<\/p>\n<p>Executamos o <a href=\"https:\/\/hcontrolfilm.com.br\/novo\/teste-rejeicao-calor-pelicula\/\">teste de rejei\u00e7\u00e3o de calor<\/a> e prote\u00e7\u00e3o UV com aparelhos que medem a incid\u00eancia precisa desses raios. Esta \u00e9 uma forma de comprovar a a\u00e7\u00e3o protetiva destas pel\u00edculas, uma vez que h\u00e1 um n\u00famero muito grande de materiais falsificados e de segunda linha no mercado que desbotam e deixam de proteger do sol em poucos meses de uso.<\/p>\n<p>Em nossa empresa oferecemos garantia de f\u00e1brica em nossas pel\u00edculas que s\u00e3o origin\u00e1rias dos Estados Unidos.<\/p>\n<p>&nbsp;<\/p>\n<h2>Onde pode ser aplicada a pel\u00edcula de prote\u00e7\u00e3o UVA e UVB<\/h2>\n<p>A aplica\u00e7\u00e3o deste insulfilm \u00e9 muito ampla, podendo ser utilizado em:<\/p>\n<ul>\n<li>Janelas<\/li>\n<li>Varandas<\/li>\n<li>Tetos de vidro<\/li>\n<li>Janelas automotivas e para-brisas<\/li>\n<li>Guarda-corpos<\/li>\n<li>Claraboias<\/li>\n<li>Fachadas de vidro<\/li>\n<li>Vitrines<\/li>\n<\/ul>\n<p>E qualquer outra superf\u00edcie de vidro.<\/p>\n<p>&nbsp;<\/p>\n","protected":false},"excerpt":{"rendered":"<p>O sol emana raios UVA, UVB e UVC. Esses raios s\u00e3o impercept\u00edveis \u00e0 vis\u00e3o, mas podemos sentir os efeitos em nosso corpo, especialmente em nossa pele e olhos. Totalmente bloqueados pela camada de oz\u00f4nio, os raios UVC n\u00e3o adentram no planeta terra e dessa maneira n\u00e3o nos atingem. Nossas aten\u00e7\u00f5es se voltam ent\u00e3o para os &hellip;<\/p>\n<p class=\"read-more\"> <a class=\"\" href=\"https:\/\/hcontrolfilm.com.br\/novo\/pelicula-uva-e-uvb\/\"> <span class=\"screen-reader-text\">Pel\u00edcula UVA e UVB<\/span> Read More &raquo;<\/a><\/p>\n","protected":false},"author":4,"featured_media":0,"comment_status":"closed","ping_status":"closed","sticky":false,"template":"","format":"standard","meta":{"site-sidebar-layout":"default","site-content-layout":"default","ast-global-header-display":"","ast-main-header-display":"","ast-hfb-above-header-display":"","ast-hfb-below-header-display":"","ast-hfb-mobile-header-display":"","site-post-title":"","ast-breadcrumbs-content":"","ast-featured-img":"","footer-sml-layout":"","theme-transparent-header-meta":"","adv-header-id-meta":"","stick-header-meta":"","header-above-stick-meta":"","header-main-stick-meta":"","header-below-stick-meta":"","footnotes":""},"categories":[76],"tags":[],"class_list":["post-4126","post","type-post","status-publish","format-standard","hentry","category-pelicula-anti-uv"],"_links":{"self":[{"href":"https:\/\/hcontrolfilm.com.br\/novo\/wp-json\/wp\/v2\/posts\/4126","targetHints":{"allow":["GET"]}}],"collection":[{"href":"https:\/\/hcontrolfilm.com.br\/novo\/wp-json\/wp\/v2\/posts"}],"about":[{"href":"https:\/\/hcontrolfilm.com.br\/novo\/wp-json\/wp\/v2\/types\/post"}],"author":[{"embeddable":true,"href":"https:\/\/hcontrolfilm.com.br\/novo\/wp-json\/wp\/v2\/users\/4"}],"replies":[{"embeddable":true,"href":"https:\/\/hcontrolfilm.com.br\/novo\/wp-json\/wp\/v2\/comments?post=4126"}],"version-history":[{"count":0,"href":"https:\/\/hcontrolfilm.com.br\/novo\/wp-json\/wp\/v2\/posts\/4126\/revisions"}],"wp:attachment":[{"href":"https:\/\/hcontrolfilm.com.br\/novo\/wp-json\/wp\/v2\/media?parent=4126"}],"wp:term":[{"taxonomy":"category","embeddable":true,"href":"https:\/\/hcontrolfilm.com.br\/novo\/wp-json\/wp\/v2\/categories?post=4126"},{"taxonomy":"post_tag","embeddable":true,"href":"https:\/\/hcontrolfilm.com.br\/novo\/wp-json\/wp\/v2\/tags?post=4126"}],"curies":[{"name":"wp","href":"https:\/\/api.w.org\/{rel}","templated":true}]}}