{"id":4110,"date":"2022-04-02T00:53:08","date_gmt":"2022-04-02T00:53:08","guid":{"rendered":"https:\/\/hcontrolfilm.com.br\/novo\/insulfilm-termico-como-funciona-beneficios-e-tipos\/"},"modified":"2022-04-02T00:53:08","modified_gmt":"2022-04-02T00:53:08","slug":"insulfilm-termico-como-funciona-beneficios-e-tipos","status":"publish","type":"post","link":"https:\/\/hcontrolfilm.com.br\/novo\/insulfilm-termico-como-funciona-beneficios-e-tipos\/","title":{"rendered":"Insulfilm T\u00e9rmico: como funciona, benef\u00edcios e tipos"},"content":{"rendered":"\n<p>Voc\u00ea sabia que que o insulfilm, como s\u00e3o chamadas popularmente as pel\u00edculas para vidros, oferecem diversos benef\u00edcios, sendo o principal deles a prote\u00e7\u00e3o t\u00e9rmica?<\/p>\n\n\n\n<p>Antigamente, o insulfilm era usado apenas para gerar um efeito de escurecimento dos vidros de janelas de carros ou de apartamentos, sacadas de vidro, fachadas de vidro e outras superf\u00edcies de vidro.<\/p>\n\n\n\n<p>Esse efeito de escurecer os vidros era o \u00fanico motivo pelo qual as pessoas recorriam a essas pel\u00edculas escuras.<\/p>\n\n\n\n<p>Seja para privacidade e\/ou estiliza\u00e7\u00e3o do ambiente ou do carro, s\u00f3 por esse efeito j\u00e1 eram muito procuradas no passado.<\/p>\n\n\n\n<p>Por\u00e9m, com o avan\u00e7o das tecnologias, a necessidade das pessoas em lidar com o calor e as demais a\u00e7\u00f5es dos raios solares, as pel\u00edculas passaram a ter propriedades t\u00e9rmicas e tamb\u00e9m prote\u00e7\u00e3o UV.<\/p>\n\n\n\n<p>Com isso, as pessoas que antes compravam insulfilm apenas para causar um efeito de escurecimento para privacidade e estilo do ambiente ou ve\u00edculo, passaram a comprar tamb\u00e9m em fun\u00e7\u00e3o da capacidade de redu\u00e7\u00e3o de calor e bloqueio dos raios ultravioleta que, em determinas horas do dia ou em excesso, podem fazer muito mal \u00e0 pele e olhos.<\/p>\n\n\n\n<h2 class=\"wp-block-heading\">Como funciona o insulfilm t\u00e9rmico<\/h2>\n\n\n\n<p>As pel\u00edculas t\u00e9rmicas possuem m\u00faltiplas camadas que comp\u00f5em a \u201cfolha\u201d que adere ao vidro.<\/p>\n\n\n\n<p>H\u00e1 uma camada de pigmentos de cer\u00e2mica ou nano cer\u00e2mica que \u00e9 capaz de rejeitar em at\u00e9 81% os raios infravermelhos que s\u00e3o os respons\u00e1veis pela condu\u00e7\u00e3o de calor.<\/p>\n\n\n\n<p>At\u00e9 mesmo as pel\u00edculas claras ou transparentes t\u00eam a capacidade de rejeitar o calor e prover a prote\u00e7\u00e3o UV, pois as camadas exercem fun\u00e7\u00f5es distintas.<\/p>\n\n\n\n<p>Desta maneira, a pessoa pode escolher manter a claridade de um ambiente, mas ao mesmo tempo ter prote\u00e7\u00e3o contra calor e radia\u00e7\u00e3o ultravioleta.<\/p>\n\n\n\n<h2 class=\"wp-block-heading\">Tipos de insulfilm t\u00e9rmico<\/h2>\n\n\n\n<p>O insulfilm t\u00e9rmico com prote\u00e7\u00e3o UVA est\u00e1 dispon\u00edvel em diversas configura\u00e7\u00f5es que visam atender o maior n\u00famero de necessidade das pessoas, al\u00e9m disso, essa variedade tamb\u00e9m \u00e9 voltada para que n\u00e3o sejam infringidas regras diversas.<\/p>\n\n\n\n<p>No caso do insulfilm t\u00e9rmico automotivo, h\u00e1 diversas op\u00e7\u00f5es a serem escolhidas pelo usu\u00e1rio que n\u00e3o ferem as determina\u00e7\u00f5es do CONTRAN.<\/p>\n\n\n\n<p>E tamb\u00e9m no caso do insulfilm t\u00e9rmico para im\u00f3veis, h\u00e1 diversas op\u00e7\u00f5es que n\u00e3o infringem regras condominiais, como por exemplo, a altera\u00e7\u00e3o de fachada que \u00e9 terminantemente proibida em diversos pr\u00e9dios e condom\u00ednios.<\/p>\n\n\n\n<p>Veja os tipos:<\/p>\n\n\n\n<ul class=\"wp-block-list\"><li>Insulfilm t\u00e9rmico transparente<\/li><li>Insulfilm t\u00e9rmico G5, G20, G35, G50 e G75<\/li><li>Insulfilm t\u00e9rmico espelhado<\/li><li>Insulfilm t\u00e9rmico blackout<\/li><li>Insulfilm t\u00e9rmico blackout branco<\/li><\/ul>\n\n\n\n<h2 class=\"wp-block-heading\">Quer saber como escolher seu insulfilm t\u00e9rmico?<\/h2>\n\n\n\n<p><strong>Para apartamentos<\/strong>: caso seu objetivo seja privacidade e redu\u00e7\u00e3o de calor, possivelmente h\u00e1 uma restri\u00e7\u00e3o de altera\u00e7\u00e3o de fachada. \u00c9 sempre bom consultar o s\u00edndico ou a conven\u00e7\u00e3o condominial com as regras. Caso precise de ajuda, pode contar com nosso suporte. N\u00f3s termos a pel\u00edcula ideal para sua janela, sacada ou varanda.<\/p>\n\n\n\n<p><strong>Para fachadas de vidro<\/strong>: esse tipo de fachada pode ser muito beneficiado com a a\u00e7\u00e3o das pel\u00edculas t\u00e9rmicas. Se a fachada tiver espelhamento ou for de vidro transparente, temos op\u00e7\u00f5es para cada varia\u00e7\u00e3o. Caso queira criar um leve efeito de escurecimento, espelhamento ou transpar\u00eancia total, existem op\u00e7\u00f5es que atendem perfeitamente essas necessidades.<\/p>\n\n\n\n<p><strong>Vitrines<\/strong>: elas costumam sofrer com a a\u00e7\u00e3o do sol, pois precisam deixar mercadorias expostas para atrair poss\u00edveis consumidores que est\u00e3o transitando no exterior. Por\u00e9m isso pode ter um pre\u00e7o. A a\u00e7\u00e3o constante do sol pode danificar os produtos expostos, principalmente se forem perec\u00edveis.<\/p>\n\n\n\n<p>Roupas, eletr\u00f4nicos, couro e outros materiais podem perder colora\u00e7\u00e3o e se tornarem amarelados e terem seu tempo de vida reduzido. Para isso, usamos a pel\u00edcula transparente que \u00e9 capaz de manter a vis\u00e3o de fora para dentro, mas com prote\u00e7\u00e3o solar que mant\u00e9m a integridade dos produtos expostos ao mesmo tempo que reduz o calor no interior.<\/p>\n\n\n\n<p><strong>Guaritas<\/strong>: normalmente est\u00e3o diariamente expostas ao sol e demandam climatiza\u00e7\u00e3o ou janelas e portas abertas. Com a utiliza\u00e7\u00e3o de pel\u00edculas escuras de prote\u00e7\u00e3o solar e redu\u00e7\u00e3o de calor, pode-se manter um conforto t\u00e9rmico no interior ao mesmo tempo que em proporciona o efeito de claro por dentro e escuro por fora, o que \u00e9 muito interessante nesse tipo de constru\u00e7\u00e3o dada a necessidade de seguran\u00e7a.<\/p>\n\n\n\n<p><strong>Janelas e varandas<\/strong>: Quando h\u00e1 alta incid\u00eancia solar, o interior pode se tornar muito quente, al\u00e9m de haver o efeito de desbotamento ou amarelamento de m\u00f3veis, cortinas, carpetes e outros. O insulfilm t\u00e9rmico com prote\u00e7\u00e3o UVA ou UV \u00e9 capaz de reduzir o calor no ambiente ao mesmo tempo que evita a degrada\u00e7\u00e3o gradual dos objetos no interior.<\/p>\n\n\n\n<h2 class=\"wp-block-heading\">Prote\u00e7\u00e3o UVA<\/h2>\n\n\n\n<p>Ainda que o dia ou \u00e9poca n\u00e3o esteja t\u00e3o quente, isso n\u00e3o impede que a a\u00e7\u00e3o nociva dos raios UVA continuem agindo, principalmente entre as 10h e 15h quando os raios t\u00eam maior pot\u00eancia.<\/p>\n\n\n\n<p>Isso porque os raios UVA tem onda longa e s\u00e3o capazes de perpassar as nuvens.<\/p>\n\n\n\n<p>Em excesso, podem causar c\u00e2ncer de pele e desbotar m\u00f3veis, cortinas e carpetes como dissemos anteriormente.<\/p>\n\n\n\n<p>Sendo assim, a utiliza\u00e7\u00e3o deste tipo de insulfilm s\u00f3 traz benef\u00edcios.<\/p>\n\n\n\n<h2 class=\"wp-block-heading\">Quer saber mais sobre o insulfilm t\u00e9rmico?<\/h2>\n\n\n\n<p>Temos marcas importadas e nacionais com garantia de f\u00e1brica e instala\u00e7\u00e3o gr\u00e1tis.<\/p>\n\n\n\n<p>Conhe\u00e7a outros benef\u00edcios e varia\u00e7\u00f5es solicitando nosso cat\u00e1logo no Whatsapp.<\/p>\n\n\n\n<p>Aproveite tamb\u00e9m para tirar todas as d\u00favidas que voc\u00ea por ventura ainda tenha.<\/p>\n","protected":false},"excerpt":{"rendered":"<p>Voc\u00ea sabia que que o insulfilm, como s\u00e3o chamadas popularmente as pel\u00edculas para vidros, oferecem diversos benef\u00edcios, sendo o principal deles a prote\u00e7\u00e3o t\u00e9rmica? Antigamente, o insulfilm era usado apenas para gerar um efeito de escurecimento dos vidros de janelas de carros ou de apartamentos, sacadas de vidro, fachadas de vidro e outras superf\u00edcies de &hellip;<\/p>\n<p class=\"read-more\"> <a class=\"\" href=\"https:\/\/hcontrolfilm.com.br\/novo\/insulfilm-termico-como-funciona-beneficios-e-tipos\/\"> <span class=\"screen-reader-text\">Insulfilm T\u00e9rmico: como funciona, benef\u00edcios e tipos<\/span> Read More &raquo;<\/a><\/p>\n","protected":false},"author":4,"featured_media":0,"comment_status":"closed","ping_status":"closed","sticky":false,"template":"","format":"standard","meta":{"site-sidebar-layout":"default","site-content-layout":"default","ast-global-header-display":"","ast-main-header-display":"","ast-hfb-above-header-display":"","ast-hfb-below-header-display":"","ast-hfb-mobile-header-display":"","site-post-title":"","ast-breadcrumbs-content":"","ast-featured-img":"","footer-sml-layout":"","theme-transparent-header-meta":"","adv-header-id-meta":"","stick-header-meta":"","header-above-stick-meta":"","header-main-stick-meta":"","header-below-stick-meta":"","footnotes":""},"categories":[72],"tags":[],"class_list":["post-4110","post","type-post","status-publish","format-standard","hentry","category-pelicula-anti-calor"],"_links":{"self":[{"href":"https:\/\/hcontrolfilm.com.br\/novo\/wp-json\/wp\/v2\/posts\/4110","targetHints":{"allow":["GET"]}}],"collection":[{"href":"https:\/\/hcontrolfilm.com.br\/novo\/wp-json\/wp\/v2\/posts"}],"about":[{"href":"https:\/\/hcontrolfilm.com.br\/novo\/wp-json\/wp\/v2\/types\/post"}],"author":[{"embeddable":true,"href":"https:\/\/hcontrolfilm.com.br\/novo\/wp-json\/wp\/v2\/users\/4"}],"replies":[{"embeddable":true,"href":"https:\/\/hcontrolfilm.com.br\/novo\/wp-json\/wp\/v2\/comments?post=4110"}],"version-history":[{"count":0,"href":"https:\/\/hcontrolfilm.com.br\/novo\/wp-json\/wp\/v2\/posts\/4110\/revisions"}],"wp:attachment":[{"href":"https:\/\/hcontrolfilm.com.br\/novo\/wp-json\/wp\/v2\/media?parent=4110"}],"wp:term":[{"taxonomy":"category","embeddable":true,"href":"https:\/\/hcontrolfilm.com.br\/novo\/wp-json\/wp\/v2\/categories?post=4110"},{"taxonomy":"post_tag","embeddable":true,"href":"https:\/\/hcontrolfilm.com.br\/novo\/wp-json\/wp\/v2\/tags?post=4110"}],"curies":[{"name":"wp","href":"https:\/\/api.w.org\/{rel}","templated":true}]}}