{"id":4099,"date":"2022-02-20T23:12:21","date_gmt":"2022-02-20T23:12:21","guid":{"rendered":"https:\/\/hcontrolfilm.com.br\/novo\/pelicula-nanoceramica-automotiva-o-que-e-e-qual-a-sua-importancia\/"},"modified":"2022-02-20T23:12:21","modified_gmt":"2022-02-20T23:12:21","slug":"pelicula-nanoceramica-automotiva-o-que-e-e-qual-a-sua-importancia","status":"publish","type":"post","link":"https:\/\/hcontrolfilm.com.br\/novo\/pelicula-nanoceramica-automotiva-o-que-e-e-qual-a-sua-importancia\/","title":{"rendered":"Pel\u00edcula nanocer\u00e2mica automotiva: o que \u00e9 e qual a sua import\u00e2ncia?"},"content":{"rendered":"\n<p>A pel\u00edcula de nanocer\u00e2mica automotiva \u00e9 uma \u00f3tima alternativa para quem quer proteger o seu ve\u00edculo. Afinal, nem sempre \u00e9 poss\u00edvel encontrar um estacionamento coberto para deixar a parte interna do autom\u00f3vel longe dos raios solares.<\/p>\n\n\n\n<p>Mas \u00e9 importante ficar atento a todas as especifica\u00e7\u00f5es para o uso de pel\u00edculas. Neste artigo vamos abordar o que \u00e9, qual a import\u00e2ncia, quais as especifica\u00e7\u00f5es e quais as vantagens da <a href=\"https:\/\/agilinsulfilm.com.br\/pelicula-nano-ceramica\/\" target=\"_blank\" rel=\"noopener\">pel\u00edcula nanocer\u00e2mica<\/a> automotiva. Boa leitura!<\/p>\n\n\n\n<p>O que \u00e9 a pel\u00edcula nanocer\u00e2mica automotiva?<strong><\/strong><\/p>\n\n\n\n<p>Ela \u00e9 uma pel\u00edcula automotiva que une versatilidade e tecnologia em um mesmo produto. Isso porque ela pode ser instalada em diferentes lugares, n\u00e3o apenas em autom\u00f3veis.&nbsp;<\/p>\n\n\n\n<p>Ela atua da mesma maneira que os outros insulfilmes instalados em autom\u00f3veis protegendo o ve\u00edculo e seus passageiros dos raios ultravioletas. Dessa maneira, ela aumenta a durabilidade de estofados, volante e de qualquer outra parte interna do carro que possa ser prejudicada pela incid\u00eancia dos raios solares.<\/p>\n\n\n\n<p>Portanto, a <a href=\"https:\/\/hcontrolfilm.com.br\/novo\/pelicula-de-ceramica-ou-nano-ceramica\/\">pel\u00edcula nanocer\u00e2mica automotiva<\/a> \u00e9 uma prote\u00e7\u00e3o colocada nos vidros do autom\u00f3vel como forma de prote\u00e7\u00e3o dos raios solares. Ela pode ser colocada nas janelas e para-brisa do ve\u00edculo, desde que respeitada as normas estabelecidas pelos \u00f3rg\u00e3os competentes.<\/p>\n\n\n\n<p>Qual a import\u00e2ncia de usar a pel\u00edcula nanocer\u00e2mica automotiva?<strong><\/strong><\/p>\n\n\n\n<p>Mas, afinal, qual a import\u00e2ncia de utilizar as pel\u00edculas automotivas? Como j\u00e1 mencionamos anteriormente, ela protege tanto o ve\u00edculo quanto os passageiros dos raios UV. E vale destacar que a exposi\u00e7\u00e3o a esses raios \u00e9 uma das principais causas de <a href=\"https:\/\/centrodeoncologia.org.br\/noticias-cancer\/excesso-de-exposicao-radiacao-solar-e-o-principal-causador-da-doenca\/\" target=\"_blank\" rel=\"noopener\">c\u00e2ncer de pele<\/a> no pa\u00eds.<\/p>\n\n\n\n<p>Sendo assim, o cuidado com a sa\u00fade est\u00e1 entre a import\u00e2ncia de se colocar uma pel\u00edcula nanocer\u00e2mica automotiva em seu ve\u00edculo. Mas a prote\u00e7\u00e3o do autom\u00f3vel tamb\u00e9m \u00e9 levada em conta, al\u00e9m da melhora da visibilidade para os motoristas nos dias de sol forte.<\/p>\n\n\n\n<p>Quando posso colocar a pel\u00edcula nanocer\u00e2mica automotiva?<strong><\/strong><\/p>\n\n\n\n<p>No entanto, a instala\u00e7\u00e3o de pel\u00edculas nos vidros dos autom\u00f3veis deve respeitar a legisla\u00e7\u00e3o. Da mesma maneira que h\u00e1 regras para realizar a <a href=\"https:\/\/doutormultas.com.br\/pintura-automotiva\/\" target=\"_blank\" rel=\"noopener\">pintura do seu ve\u00edculo<\/a>, tamb\u00e9m existe uma legisla\u00e7\u00e3o para a aplica\u00e7\u00e3o de insulfilmes.<\/p>\n\n\n\n<p>A regulamenta\u00e7\u00e3o da pel\u00edcula em autom\u00f3veis \u00e9 realizada pelo <a href=\"https:\/\/www.portaldotransito.com.br\/tags\/contran\/\" target=\"_blank\" rel=\"noopener\">Contran<\/a> (Conselho Nacional de Tr\u00e2nsito), ou seja, a regra \u00e9 v\u00e1lida para todo territ\u00f3rio nacional. Sendo assim, o \u00f3rg\u00e3o permite a instala\u00e7\u00e3o desde que respeite os seguintes crit\u00e9rios de transpar\u00eancia m\u00ednima:<\/p>\n\n\n\n<ul class=\"wp-block-list\"><li>75% no para-brisa;<\/li><li>70% nos vidros laterais dianteiros;<\/li><li>28% nos demais vidros.<\/li><\/ul>\n\n\n\n<p>A instala\u00e7\u00e3o da pel\u00edcula nanocer\u00e2mica automotiva \u00e9 permitida desde que n\u00e3o prejudique a visibilidade do autom\u00f3vel, tanto para quem est\u00e1 dentro do ve\u00edculo quanto para quem est\u00e1 de fora.<\/p>\n\n\n\n<p>Quais as vantagens da pel\u00edcula nanocer\u00e2mica automotiva?<strong><\/strong><\/p>\n\n\n\n<p>Mas por que escolher a pel\u00edcula nanocer\u00e2mica automotiva entre tantas op\u00e7\u00f5es no mercado? S\u00e3o diversas as vantagens desse produto e selecionamos as principais para voc\u00ea entender o diferencial apresentado por ela.<\/p>\n\n\n\n<p>Equil\u00edbrio t\u00e9rmico<strong><\/strong><\/p>\n\n\n\n<p>Primeiramente podemos destacar o equil\u00edbrio t\u00e9rmico proporcionado pela pel\u00edcula nanocer\u00e2mica automotiva. Afinal, ao controlar a entrada dos raios ultravioletas ela tamb\u00e9m realiza o controle de calor, garantindo que o interior do autom\u00f3vel fique com uma temperatura mais amena do que do lado externo.&nbsp;<\/p>\n\n\n\n<p>Esse equil\u00edbrio \u00e9 mantido mesmo sem o uso de ar-condicionado.<\/p>\n\n\n\n<p>Prote\u00e7\u00e3o interna<strong><\/strong><\/p>\n\n\n\n<p>Como j\u00e1 ressaltado, a pel\u00edcula garante a prote\u00e7\u00e3o interna do ve\u00edculo. Isso quer dizer que o controle dos raios ultravioletas garante a prote\u00e7\u00e3o dos itens internos que podem se desgastar devido \u00e0 incid\u00eancia do sol como o volante, pain\u00e9is e at\u00e9 mesmo os bancos.&nbsp;<\/p>\n\n\n\n<p>Com isso, a pel\u00edcula garante tamb\u00e9m o cuidado e durabilidade do ve\u00edculo.<\/p>\n\n\n\n<p>Acabamento<strong><\/strong><\/p>\n\n\n\n<p>Outra vantagem da pel\u00edcula nanocer\u00e2mica automotiva \u00e9 o acabamento apresentado pelo produto, que possui uma camada ultrafina e oferece um acabamento impec\u00e1vel para todos os vidros em que for aplicada.&nbsp;<\/p>\n\n\n\n<p>Al\u00e9m disso, ela n\u00e3o interfere na luminosidade do ambiente interno, garantindo a visibilidade do autom\u00f3vel mesmo com os vidros todos fechados.<\/p>\n\n\n\n<p>Durabilidade<strong><\/strong><\/p>\n\n\n\n<p>Podemos destacar ainda a alta resist\u00eancia da pel\u00edcula. Quando instalada de maneira correta ela tem sua garantia v\u00e1lida por at\u00e9 10 anos (algumas vezes um pouco mais de tempo).&nbsp;<\/p>\n\n\n\n<p>Isso quer dizer que voc\u00ea vai trocar de carro, mas a pel\u00edcula continuar\u00e1 exercendo sua fun\u00e7\u00e3o com efic\u00e1cia para o novo propriet\u00e1rio. O investimento \u00e9 feito uma vez, sem ser necess\u00e1rio trocar periodicamente o produto.<\/p>\n\n\n\n<p>Alta tecnologia<strong><\/strong><\/p>\n\n\n\n<p>Por fim, podemos destacar a tecnologia que envolve a fabrica\u00e7\u00e3o do produto. \u00c9 ela que permite a durabilidade ser um diferencial, a prote\u00e7\u00e3o em quase 100% dos raios UV, a camada ultrafina e at\u00e9 mesmo a prote\u00e7\u00e3o anti-risco da pel\u00edcula nanocer\u00e2mica automotiva.&nbsp;<\/p>\n\n\n\n<p>Ou seja, n\u00e3o precisa ter medo de riscarem sua pel\u00edcula, o produto tem tecnologia contra arranh\u00f5es de chaves, z\u00edper, bolsas e bot\u00f5es.<\/p>\n\n\n\n<p>Aqui em nossa plataforma, trazemos temas que te ajudam a se manter informado sobre as inova\u00e7\u00f5es relacionadas ao tr\u00e2nsito e aos autom\u00f3veis, al\u00e9m de esclarecer assuntos legais sobre esse meio.&nbsp;<\/p>\n","protected":false},"excerpt":{"rendered":"<p>A pel\u00edcula de nanocer\u00e2mica automotiva \u00e9 uma \u00f3tima alternativa para quem quer proteger o seu ve\u00edculo. Afinal, nem sempre \u00e9 poss\u00edvel encontrar um estacionamento coberto para deixar a parte interna do autom\u00f3vel longe dos raios solares. Mas \u00e9 importante ficar atento a todas as especifica\u00e7\u00f5es para o uso de pel\u00edculas. Neste artigo vamos abordar o &hellip;<\/p>\n<p class=\"read-more\"> <a class=\"\" href=\"https:\/\/hcontrolfilm.com.br\/novo\/pelicula-nanoceramica-automotiva-o-que-e-e-qual-a-sua-importancia\/\"> <span class=\"screen-reader-text\">Pel\u00edcula nanocer\u00e2mica automotiva: o que \u00e9 e qual a sua import\u00e2ncia?<\/span> Read More &raquo;<\/a><\/p>\n","protected":false},"author":4,"featured_media":3579,"comment_status":"closed","ping_status":"closed","sticky":false,"template":"","format":"standard","meta":{"site-sidebar-layout":"default","site-content-layout":"default","ast-global-header-display":"","ast-main-header-display":"","ast-hfb-above-header-display":"","ast-hfb-below-header-display":"","ast-hfb-mobile-header-display":"","site-post-title":"","ast-breadcrumbs-content":"","ast-featured-img":"","footer-sml-layout":"","theme-transparent-header-meta":"","adv-header-id-meta":"","stick-header-meta":"","header-above-stick-meta":"","header-main-stick-meta":"","header-below-stick-meta":"","footnotes":""},"categories":[547],"tags":[],"class_list":["post-4099","post","type-post","status-publish","format-standard","has-post-thumbnail","hentry","category-peliculas-de-nano-ceramica"],"_links":{"self":[{"href":"https:\/\/hcontrolfilm.com.br\/novo\/wp-json\/wp\/v2\/posts\/4099","targetHints":{"allow":["GET"]}}],"collection":[{"href":"https:\/\/hcontrolfilm.com.br\/novo\/wp-json\/wp\/v2\/posts"}],"about":[{"href":"https:\/\/hcontrolfilm.com.br\/novo\/wp-json\/wp\/v2\/types\/post"}],"author":[{"embeddable":true,"href":"https:\/\/hcontrolfilm.com.br\/novo\/wp-json\/wp\/v2\/users\/4"}],"replies":[{"embeddable":true,"href":"https:\/\/hcontrolfilm.com.br\/novo\/wp-json\/wp\/v2\/comments?post=4099"}],"version-history":[{"count":0,"href":"https:\/\/hcontrolfilm.com.br\/novo\/wp-json\/wp\/v2\/posts\/4099\/revisions"}],"wp:featuredmedia":[{"embeddable":true,"href":"https:\/\/hcontrolfilm.com.br\/novo\/wp-json\/"}],"wp:attachment":[{"href":"https:\/\/hcontrolfilm.com.br\/novo\/wp-json\/wp\/v2\/media?parent=4099"}],"wp:term":[{"taxonomy":"category","embeddable":true,"href":"https:\/\/hcontrolfilm.com.br\/novo\/wp-json\/wp\/v2\/categories?post=4099"},{"taxonomy":"post_tag","embeddable":true,"href":"https:\/\/hcontrolfilm.com.br\/novo\/wp-json\/wp\/v2\/tags?post=4099"}],"curies":[{"name":"wp","href":"https:\/\/api.w.org\/{rel}","templated":true}]}}