{"id":4032,"date":"2021-12-05T18:48:08","date_gmt":"2021-12-05T18:48:08","guid":{"rendered":"https:\/\/hcontrolfilm.com.br\/novo\/pelicula-para-excesso-de-claridade\/"},"modified":"2021-12-05T18:48:08","modified_gmt":"2021-12-05T18:48:08","slug":"pelicula-para-excesso-de-claridade","status":"publish","type":"post","link":"https:\/\/hcontrolfilm.com.br\/novo\/pelicula-para-excesso-de-claridade\/","title":{"rendered":"Pel\u00edcula para excesso de claridade"},"content":{"rendered":"\n<p>A claridade excessiva imposta por determinadas horas do dia pode ser aumentada em fun\u00e7\u00e3o do posicionamento do apartamento, casa ou escrit\u00f3rio em rela\u00e7\u00e3o ao \u201ccaminho\u201d do sol no c\u00e9u.<\/p>\n\n\n\n<p>O excesso de claridade \u00e9 um inc\u00f4modo que gera ofuscamento e irrita\u00e7\u00e3o nos olhos, causando desconforto visual e cansa\u00e7o na vista.<\/p>\n\n\n\n<p>Para quem est\u00e1 assistindo TV ou trabalhando em um computador, o inc\u00f4modo \u00e9 ainda maior, pois a vis\u00e3o da tela se torna muito dificultada, o que gera outro transtorno.<\/p>\n\n\n\n<figure class=\"wp-block-embed is-type-video is-provider-youtube wp-block-embed-youtube wp-embed-aspect-16-9 wp-has-aspect-ratio\"><div class=\"wp-block-embed__wrapper\">\n<div class=\"ast-oembed-container\" style=\"height: 100%;\"><iframe title=\"Pel\u00edcula em Janela para reduzir claridade e calor\" width=\"500\" height=\"281\" src=\"https:\/\/www.youtube.com\/embed\/9E9GPPDJ1gE?feature=oembed\" frameborder=\"0\" allow=\"accelerometer; autoplay; clipboard-write; encrypted-media; gyroscope; picture-in-picture; web-share\" referrerpolicy=\"strict-origin-when-cross-origin\" allowfullscreen><\/iframe><\/div>\n<\/div><\/figure>\n\n\n\n<p>Outro problema gerado pelo excesso de claridade em um ambiente \u00e9 aumentar a falta de privacidade, uma vez que o recinto fica mais iluminado e ainda ofuscando as pessoas que nele convivem.<\/p>\n\n\n\n<p>Existem pel\u00edculas de performance que s\u00e3o aplicadas aos vidros de janelas, varandas, tetos de vidro, basculantes, vitrines, fachadas de vidros, etc que reduzem ou bloqueiam completamente o ofuscamento causado pelo excesso de claridade.<\/p>\n\n\n\n<p>Al\u00e9m disso, estas mesmas pel\u00edculas tamb\u00e9m proporcionam outros benef\u00edcios agregados de extrema import\u00e2ncia que contribuem para um conforto mais amplo.<\/p>\n\n\n\n<p>Os benef\u00edcios adicionais das pel\u00edculas anti claridade s\u00e3o:<\/p>\n\n\n\n<ul class=\"wp-block-list\"><li>Privacidade<\/li><li>Redu\u00e7\u00e3o de Calor<\/li><li>Prote\u00e7\u00e3o UV<\/li><li>Maior resist\u00eancia aos vidros<\/li><li>Seguran\u00e7a contra estilha\u00e7os<\/li><li>Embelezamento do ambiente<\/li><li>Economia de energia destinada \u00e1 climatiza\u00e7\u00e3o de ambientes<\/li><li>Diversos modelos \u00e0 escolha ou em conformidade com a fachada<\/li><li>Garantia de f\u00e1brica<\/li><\/ul>\n","protected":false},"excerpt":{"rendered":"<p>A claridade excessiva imposta por determinadas horas do dia pode ser aumentada em fun\u00e7\u00e3o do posicionamento do apartamento, casa ou escrit\u00f3rio em rela\u00e7\u00e3o ao \u201ccaminho\u201d do sol no c\u00e9u. O excesso de claridade \u00e9 um inc\u00f4modo que gera ofuscamento e irrita\u00e7\u00e3o nos olhos, causando desconforto visual e cansa\u00e7o na vista. Para quem est\u00e1 assistindo TV &hellip;<\/p>\n<p class=\"read-more\"> <a class=\"\" href=\"https:\/\/hcontrolfilm.com.br\/novo\/pelicula-para-excesso-de-claridade\/\"> <span class=\"screen-reader-text\">Pel\u00edcula para excesso de claridade<\/span> Read More &raquo;<\/a><\/p>\n","protected":false},"author":4,"featured_media":0,"comment_status":"closed","ping_status":"closed","sticky":false,"template":"","format":"standard","meta":{"site-sidebar-layout":"default","site-content-layout":"default","ast-global-header-display":"","ast-main-header-display":"","ast-hfb-above-header-display":"","ast-hfb-below-header-display":"","ast-hfb-mobile-header-display":"","site-post-title":"","ast-breadcrumbs-content":"","ast-featured-img":"","footer-sml-layout":"","theme-transparent-header-meta":"","adv-header-id-meta":"","stick-header-meta":"","header-above-stick-meta":"","header-main-stick-meta":"","header-below-stick-meta":"","footnotes":""},"categories":[75],"tags":[],"class_list":["post-4032","post","type-post","status-publish","format-standard","hentry","category-pelicula-de-privacidade"],"_links":{"self":[{"href":"https:\/\/hcontrolfilm.com.br\/novo\/wp-json\/wp\/v2\/posts\/4032","targetHints":{"allow":["GET"]}}],"collection":[{"href":"https:\/\/hcontrolfilm.com.br\/novo\/wp-json\/wp\/v2\/posts"}],"about":[{"href":"https:\/\/hcontrolfilm.com.br\/novo\/wp-json\/wp\/v2\/types\/post"}],"author":[{"embeddable":true,"href":"https:\/\/hcontrolfilm.com.br\/novo\/wp-json\/wp\/v2\/users\/4"}],"replies":[{"embeddable":true,"href":"https:\/\/hcontrolfilm.com.br\/novo\/wp-json\/wp\/v2\/comments?post=4032"}],"version-history":[{"count":0,"href":"https:\/\/hcontrolfilm.com.br\/novo\/wp-json\/wp\/v2\/posts\/4032\/revisions"}],"wp:attachment":[{"href":"https:\/\/hcontrolfilm.com.br\/novo\/wp-json\/wp\/v2\/media?parent=4032"}],"wp:term":[{"taxonomy":"category","embeddable":true,"href":"https:\/\/hcontrolfilm.com.br\/novo\/wp-json\/wp\/v2\/categories?post=4032"},{"taxonomy":"post_tag","embeddable":true,"href":"https:\/\/hcontrolfilm.com.br\/novo\/wp-json\/wp\/v2\/tags?post=4032"}],"curies":[{"name":"wp","href":"https:\/\/api.w.org\/{rel}","templated":true}]}}