{"id":4023,"date":"2021-12-03T21:39:26","date_gmt":"2021-12-03T21:39:26","guid":{"rendered":"https:\/\/hcontrolfilm.com.br\/novo\/pelicula-arquitetonica\/"},"modified":"2021-12-03T21:39:26","modified_gmt":"2021-12-03T21:39:26","slug":"pelicula-arquitetonica","status":"publish","type":"post","link":"https:\/\/hcontrolfilm.com.br\/novo\/pelicula-arquitetonica\/","title":{"rendered":"Pel\u00edcula Arquitet\u00f4nica"},"content":{"rendered":"\n<p>As pel\u00edculas arquitet\u00f4nicas s\u00e3o voltadas para a aplica\u00e7\u00e3o em vidros de casas, pr\u00e9dios, tetos de vidro, vitrines de lojas, fachadas de vidro, etc. S\u00e3o pel\u00edculas voltadas para estes tipos de ambientes e variam em estilo, cor, opacidade e muitos outros fatores.<\/p>\n\n\n\n<p>As pel\u00edculas arquitet\u00f4nicas possuem diversos benef\u00edcios, sendo um dos mais considerados a capacidade de rejeitar o calor do sol, tornando o ambiente interno mais fresco sem que isso precise significar perda de claridade ou altera\u00e7\u00e3o de fachada.<\/p>\n\n\n\n<p>Muito conhecido como \u201cinsulfilm\u201d tem se tornado cada vez mais requisitado em projetos de climatiza\u00e7\u00e3o de ambientes, fazendo com que os custos de energia el\u00e9trica sejam eficientemente reduzidos.<\/p>\n\n\n\n<p>Mas existem v\u00e1rios outros benef\u00edcios proporcionados por uma pel\u00edcula arquitet\u00f4nica. Vamos conhec\u00ea-los?<\/p>\n\n\n\n<h2 class=\"wp-block-heading\">Pel\u00edcula arquitet\u00f4nica para reduzir calor<\/h2>\n\n\n\n<p>Como dissemos antes, as pel\u00edculas arquitet\u00f4nicas possuem a\u00e7\u00e3o t\u00e9rmica de redu\u00e7\u00e3o de calor nos interiores e podem ser fum\u00eas, espelhadas e at\u00e9 mesmo transparentes.<\/p>\n\n\n\n<p>Estes materiais s\u00e3o feitos com m\u00faltiplas camadas com fun\u00e7\u00f5es espec\u00edficas, dentre elas a espectro sele\u00e7\u00e3o dos raios solares.<\/p>\n\n\n\n<p>Isso significa que uma pel\u00edcula de redu\u00e7\u00e3o de calor pode ser mais clara ou mais escura e at\u00e9 incolor, pois os raios infravermelhos respons\u00e1veis pelo calor s\u00e3o rejeitados e apenas a luminosidade consegue passar, por\u00e9m na medida escolhida pelo cliente.<\/p>\n\n\n\n<p>Existem as vers\u00f5es G5, G20, G35, G50, G70 para opacidade, significando o n\u00famero a quantidade de luz que pode ser transmitida para o interior, ou seja, uma pel\u00edcula G35 permite 35% de luminosidade no ambiente.<\/p>\n\n\n\n<p>Por\u00e9m, h\u00e1 outro benef\u00edcio adicional important\u00edssimo que \u00e9 a prote\u00e7\u00e3o UV. Isso significa que os t\u00e3o mal\u00e9ficos raios ultravioleta s\u00e3o bloqueado em 99%.<\/p>\n\n\n\n<p>Isso impede que haja desbotamento de carpetes, m\u00f3veis, cortinas e danos \u00e0 pele.<\/p>\n\n\n\n<h2 class=\"wp-block-heading\">Pel\u00edcula arquitet\u00f4nica contra excesso de claridade<\/h2>\n\n\n\n<p>Algumas pessoas sofrem com o inc\u00f4modo do excesso de claridade que ofusca os olhos, cria reflexos na TV entre outros inc\u00f4modos. As pel\u00edculas podem permitir a entrada controlada de luz ao mesmo tempo que impedem a vis\u00e3o de fora para dentro.<\/p>\n\n\n\n<p>Voc\u00ea pode escolher o n\u00edvel de entrada de luz e evitar ofuscamentos e luz excessiva no ambiente ao mesmo tempo em que tem privacidade.<\/p>\n\n\n\n<p>Deixe a sua sala, quarto, escrit\u00f3rio ou qualquer outro ambiente com mais conforto visual com estas pel\u00edculas que reduzem o excesso de claridade.<\/p>\n\n\n\n<h2 class=\"wp-block-heading\">Pel\u00edcula arquitet\u00f4nica para privacidade<\/h2>\n\n\n\n<p>Claro por dentro e escuro por fora. Esse \u00e9 um dos maiores desejos das pessoas que buscam por privacidade. Pr\u00e9dios muito pr\u00f3ximos um do outro geram olhares indiscretos de vizinhos de apartamentos pr\u00f3ximos.<\/p>\n\n\n\n<p>As vezes voc\u00ea n\u00e3o pode sequer chegar na varanda envidra\u00e7ada sem aquela sensa\u00e7\u00e3o inoportuna de estar sendo observado, o que causa tamb\u00e9m grande desconforto.<\/p>\n\n\n\n<p>Apartamentos e casas cujo interior devassado que podem tamb\u00e9m ser vistos pelos pedestres e carros na rua tamb\u00e9m s\u00e3o enorme fonte de desconto, qui\u00e7\u00e1 seguran\u00e7a, uma vez que marginais podem estar monitorando o movimento de uma casa ou empresa.<\/p>\n\n\n\n<p>Cercas de vidros em condom\u00ednios tamb\u00e9m podem sofrer com a a\u00e7\u00e3o de marginais.<\/p>\n\n\n\n<p>Para esses casos e muitos outros, temos diversos tipos de pel\u00edculas arquitet\u00f4nicas que proporcionam privacidade \u00e0s pessoas no interior dos ambientes.<\/p>\n\n\n\n<p>H\u00e1 ainda as op\u00e7\u00f5es de pel\u00edcula blackout ou whiteout que impedem a vis\u00e3o de ambos os lados e podem ser usadas em casos espec\u00edficos.<\/p>\n\n\n\n<h2 class=\"wp-block-heading\">Pel\u00edcula arquitet\u00f4nica decorativa<\/h2>\n\n\n\n<p>As pel\u00edculas decorativas podem variar em cores, desenhos, estampas e podem ter o efeito de jateamento de areia aplicado ao vidro.<\/p>\n\n\n\n<p>A vantagem \u00e9 o menor custo e perfeito efeito decorativo que torna os vidros muito mais agrad\u00e1veis esteticamente falando.<\/p>\n\n\n\n<p>Essas pel\u00edculas decorativas podem ser aplicadas em box blindex de banheiros, paredes de vidros, divis\u00f3rias de vidro, portas de vidro, guarda-corpos, vitrines e muitas outras superf\u00edcies em vidro.<\/p>\n\n\n\n<h2 class=\"wp-block-heading\">Pel\u00edcula de seguran\u00e7a para vidro residencial<\/h2>\n\n\n\n<p>Para quem deseja uma seguran\u00e7a a mais, h\u00e1 a op\u00e7\u00e3o de pel\u00edculas de seguran\u00e7a ou pel\u00edculas antivandalismo, tecnicamente chamadas de PS4 que aumentam a resist\u00eancia do vidro a impactos intencionais ou n\u00e3o.<\/p>\n","protected":false},"excerpt":{"rendered":"<p>As pel\u00edculas arquitet\u00f4nicas s\u00e3o voltadas para a aplica\u00e7\u00e3o em vidros de casas, pr\u00e9dios, tetos de vidro, vitrines de lojas, fachadas de vidro, etc. S\u00e3o pel\u00edculas voltadas para estes tipos de ambientes e variam em estilo, cor, opacidade e muitos outros fatores. As pel\u00edculas arquitet\u00f4nicas possuem diversos benef\u00edcios, sendo um dos mais considerados a capacidade de &hellip;<\/p>\n<p class=\"read-more\"> <a class=\"\" href=\"https:\/\/hcontrolfilm.com.br\/novo\/pelicula-arquitetonica\/\"> <span class=\"screen-reader-text\">Pel\u00edcula Arquitet\u00f4nica<\/span> Read More &raquo;<\/a><\/p>\n","protected":false},"author":4,"featured_media":0,"comment_status":"closed","ping_status":"closed","sticky":false,"template":"","format":"standard","meta":{"site-sidebar-layout":"default","site-content-layout":"default","ast-global-header-display":"","ast-main-header-display":"","ast-hfb-above-header-display":"","ast-hfb-below-header-display":"","ast-hfb-mobile-header-display":"","site-post-title":"","ast-breadcrumbs-content":"","ast-featured-img":"","footer-sml-layout":"","theme-transparent-header-meta":"","adv-header-id-meta":"","stick-header-meta":"","header-above-stick-meta":"","header-main-stick-meta":"","header-below-stick-meta":"","footnotes":""},"categories":[80],"tags":[],"class_list":["post-4023","post","type-post","status-publish","format-standard","hentry","category-pelicula-residencial"],"_links":{"self":[{"href":"https:\/\/hcontrolfilm.com.br\/novo\/wp-json\/wp\/v2\/posts\/4023","targetHints":{"allow":["GET"]}}],"collection":[{"href":"https:\/\/hcontrolfilm.com.br\/novo\/wp-json\/wp\/v2\/posts"}],"about":[{"href":"https:\/\/hcontrolfilm.com.br\/novo\/wp-json\/wp\/v2\/types\/post"}],"author":[{"embeddable":true,"href":"https:\/\/hcontrolfilm.com.br\/novo\/wp-json\/wp\/v2\/users\/4"}],"replies":[{"embeddable":true,"href":"https:\/\/hcontrolfilm.com.br\/novo\/wp-json\/wp\/v2\/comments?post=4023"}],"version-history":[{"count":0,"href":"https:\/\/hcontrolfilm.com.br\/novo\/wp-json\/wp\/v2\/posts\/4023\/revisions"}],"wp:attachment":[{"href":"https:\/\/hcontrolfilm.com.br\/novo\/wp-json\/wp\/v2\/media?parent=4023"}],"wp:term":[{"taxonomy":"category","embeddable":true,"href":"https:\/\/hcontrolfilm.com.br\/novo\/wp-json\/wp\/v2\/categories?post=4023"},{"taxonomy":"post_tag","embeddable":true,"href":"https:\/\/hcontrolfilm.com.br\/novo\/wp-json\/wp\/v2\/tags?post=4023"}],"curies":[{"name":"wp","href":"https:\/\/api.w.org\/{rel}","templated":true}]}}