{"id":3999,"date":"2021-11-22T20:25:48","date_gmt":"2021-11-22T20:25:48","guid":{"rendered":"https:\/\/hcontrolfilm.com.br\/novo\/como-esconder-o-motor-de-ar-condicionado-na-varanda\/"},"modified":"2021-11-22T20:25:48","modified_gmt":"2021-11-22T20:25:48","slug":"como-esconder-o-motor-de-ar-condicionado-na-varanda","status":"publish","type":"post","link":"https:\/\/hcontrolfilm.com.br\/novo\/como-esconder-o-motor-de-ar-condicionado-na-varanda\/","title":{"rendered":"Como esconder o motor de ar condicionado na varanda"},"content":{"rendered":"\n<p>Incomodado com a visibilidade do motor do ar condicionado na varanda? H\u00e1 uma solu\u00e7\u00e3o segura que n\u00e3o danifica o aparelho e melhora a est\u00e9tica.<\/p>\n\n\n\n<p>Continue lendo o artigo e saiba mais!<\/p>\n\n\n\n<p>O motor do ar condicionado (ou condensador) \u00e9 normalmente instalado em \u00e1rea externa, o que \u00e9 essencial para o funcionamento adequado do motor, o que pode influenciar a vida \u00fatil do equipamento. O local tamb\u00e9m deve permitir f\u00e1cil acesso para fins de manuten\u00e7\u00e3o.<\/p>\n\n\n\n<p>A \u00e1gua e umidade s\u00e3o fatores de deteriora\u00e7\u00e3o da condensadora que poder\u00e1 sofrer corros\u00e3o. Assim, preferencialmente o motor do ar condicionado deve ser instalado em uma \u00e1rea seca, livre de alagamentos.<\/p>\n\n\n\n<p>Em caso de inversores (altern\u00e2ncia entre quente e frio), deve-se pensar em canos condutores da \u00e1gua produzida pela condensa\u00e7\u00e3o e soluciona-se esse problema com um dreno.<\/p>\n\n\n\n<p>O fluxo de ar \u00e9 extremamente importante para o bom funcionamento do motor do ar condicionado, pois o ar precisa ser renovando continuamente. Por isso os locais arejados s\u00e3o os mais adequados para a instala\u00e7\u00e3o desses motores.<\/p>\n\n\n\n<p>N\u00e3o \u00e9 raro v\u00ea-los instalados nas varandas dos edif\u00edcios ou nas sacadas dos apartamentos e casas.<\/p>\n\n\n\n<p>N\u00e3o recomendamos em nenhuma hip\u00f3tese as caixas de madeira que s\u00e3o utilizadas para esconder esses motores, pois reduzem o tempo de vida \u00fatil dos mesmos.<\/p>\n\n\n\n<p>Ao mesmo tempo, \u00e9 um grande inc\u00f4modo para muitos chegar na varanda ou sacada e ver o motor do ar condicionado \u00e0 vista.<\/p>\n\n\n\n<h2 class=\"wp-block-heading\">Escondendo o motor de ar condicionado na varanda com pel\u00edcula jateada<\/h2>\n\n\n\n<p>Uma solu\u00e7\u00e3o extremamente em conta e segura, que melhora drasticamente a est\u00e9tica do ambiente \u00e9 a aplica\u00e7\u00e3o de pel\u00edculas jateadas, escuras ou espelhadas nos vidros, escondendo perfeitamente o motor do ar condicionado na varanda.<\/p>\n\n\n\n<p>A pel\u00edcula jateada possui v\u00e1rios estilos e at\u00e9 cores \u00e0 sua escolha, contribuindo de forma muito positiva para um ambiente mais requintado e moderno, al\u00e9m de, obviamente, esconder dos olhos a presen\u00e7a do motor de ar condicionado da varanda ou sacada.<\/p>\n\n\n\n<figure class=\"wp-block-gallery columns-2 is-cropped wp-block-gallery-1 is-layout-flex wp-block-gallery-is-layout-flex\"><ul class=\"blocks-gallery-grid\"><li class=\"blocks-gallery-item\"><figure><img decoding=\"async\" src=\"https:\/\/hcontrolfilm.com.br\/novo\/wp-content\/uploads\/2021\/11\/Como-esconder-o-motor-de-ar-condicionado-na-varanda-1-1024x1024.jpg\" alt=\"\" data-id=\"4002\" data-full-url=\"https:\/\/hcontrolfilm.com.br\/novo\/wp-content\/uploads\/2021\/11\/Como-esconder-o-motor-de-ar-condicionado-na-varanda-1.jpg\" data-link=\"https:\/\/hcontrolfilm.com.br\/novo\/?attachment_id=4002\" class=\"wp-image-4002\"\/><figcaption class=\"blocks-gallery-item__caption\">Preparando o vidro para aplica\u00e7\u00e3o da pel\u00edcula<\/figcaption><\/figure><\/li><li class=\"blocks-gallery-item\"><figure><img decoding=\"async\" src=\"https:\/\/hcontrolfilm.com.br\/novo\/wp-content\/uploads\/2021\/11\/Como-esconder-o-motor-de-ar-condicionado-na-varanda-depois-1024x1024.jpg\" alt=\"\" data-id=\"4001\" data-full-url=\"https:\/\/hcontrolfilm.com.br\/novo\/wp-content\/uploads\/2021\/11\/Como-esconder-o-motor-de-ar-condicionado-na-varanda-depois.jpg\" data-link=\"https:\/\/hcontrolfilm.com.br\/novo\/?attachment_id=4001\" class=\"wp-image-4001\"\/><figcaption class=\"blocks-gallery-item__caption\">Motor do ar condicionado escondido pela pel\u00edcula<\/figcaption><\/figure><\/li><\/ul><\/figure>\n\n\n\n<p>Entre em contato agora mesmo e conhe\u00e7a todos os modelos de pel\u00edculas que podemos aplicar nos seus vidros. Solicite um cat\u00e1logo gratuito.<\/p>\n","protected":false},"excerpt":{"rendered":"<p>Incomodado com a visibilidade do motor do ar condicionado na varanda? H\u00e1 uma solu\u00e7\u00e3o segura que n\u00e3o danifica o aparelho e melhora a est\u00e9tica. Continue lendo o artigo e saiba mais! O motor do ar condicionado (ou condensador) \u00e9 normalmente instalado em \u00e1rea externa, o que \u00e9 essencial para o funcionamento adequado do motor, o &hellip;<\/p>\n<p class=\"read-more\"> <a class=\"\" href=\"https:\/\/hcontrolfilm.com.br\/novo\/como-esconder-o-motor-de-ar-condicionado-na-varanda\/\"> <span class=\"screen-reader-text\">Como esconder o motor de ar condicionado na varanda<\/span> Read More &raquo;<\/a><\/p>\n","protected":false},"author":4,"featured_media":4000,"comment_status":"closed","ping_status":"closed","sticky":false,"template":"","format":"standard","meta":{"site-sidebar-layout":"default","site-content-layout":"default","ast-global-header-display":"","ast-main-header-display":"","ast-hfb-above-header-display":"","ast-hfb-below-header-display":"","ast-hfb-mobile-header-display":"","site-post-title":"","ast-breadcrumbs-content":"","ast-featured-img":"","footer-sml-layout":"","theme-transparent-header-meta":"","adv-header-id-meta":"","stick-header-meta":"","header-above-stick-meta":"","header-main-stick-meta":"","header-below-stick-meta":"","footnotes":""},"categories":[478],"tags":[],"class_list":["post-3999","post","type-post","status-publish","format-standard","has-post-thumbnail","hentry","category-insulfilm-jateado"],"_links":{"self":[{"href":"https:\/\/hcontrolfilm.com.br\/novo\/wp-json\/wp\/v2\/posts\/3999","targetHints":{"allow":["GET"]}}],"collection":[{"href":"https:\/\/hcontrolfilm.com.br\/novo\/wp-json\/wp\/v2\/posts"}],"about":[{"href":"https:\/\/hcontrolfilm.com.br\/novo\/wp-json\/wp\/v2\/types\/post"}],"author":[{"embeddable":true,"href":"https:\/\/hcontrolfilm.com.br\/novo\/wp-json\/wp\/v2\/users\/4"}],"replies":[{"embeddable":true,"href":"https:\/\/hcontrolfilm.com.br\/novo\/wp-json\/wp\/v2\/comments?post=3999"}],"version-history":[{"count":0,"href":"https:\/\/hcontrolfilm.com.br\/novo\/wp-json\/wp\/v2\/posts\/3999\/revisions"}],"wp:featuredmedia":[{"embeddable":true,"href":"https:\/\/hcontrolfilm.com.br\/novo\/wp-json\/"}],"wp:attachment":[{"href":"https:\/\/hcontrolfilm.com.br\/novo\/wp-json\/wp\/v2\/media?parent=3999"}],"wp:term":[{"taxonomy":"category","embeddable":true,"href":"https:\/\/hcontrolfilm.com.br\/novo\/wp-json\/wp\/v2\/categories?post=3999"},{"taxonomy":"post_tag","embeddable":true,"href":"https:\/\/hcontrolfilm.com.br\/novo\/wp-json\/wp\/v2\/tags?post=3999"}],"curies":[{"name":"wp","href":"https:\/\/api.w.org\/{rel}","templated":true}]}}