{"id":3985,"date":"2021-11-03T13:39:40","date_gmt":"2021-11-03T13:39:40","guid":{"rendered":"https:\/\/hcontrolfilm.com.br\/novo\/pelicula-semi-refletiva\/"},"modified":"2021-11-03T13:39:40","modified_gmt":"2021-11-03T13:39:40","slug":"pelicula-semi-refletiva","status":"publish","type":"post","link":"https:\/\/hcontrolfilm.com.br\/novo\/pelicula-semi-refletiva\/","title":{"rendered":"Pel\u00edcula semi refletiva"},"content":{"rendered":"\n<p>A pel\u00edcula semi refletiva oferece m\u00e1xima prote\u00e7\u00e3o contra calor e raios UV e UVA, sendo a categoria de pel\u00edculas com os maiores \u00edndices de prote\u00e7\u00e3o e conforto t\u00e9rmico, al\u00e9m de promover total privacidade.<\/p>\n\n\n\n<p>A pel\u00edcula semi refletiva permite que do lado de dentro do ambiente seja visto tudo do lado de fora. Em contrapartida, do lado de fora n\u00e3o se pode ver nada do lado de dentro.<\/p>\n\n\n\n<p>Em projetos de climatiza\u00e7\u00e3o predial, comercial ou residencial, as pel\u00edculas semi refletivas ocupam um lugar de destaque na prefer\u00eancia, pois al\u00e9m da efici\u00eancia t\u00e9rmica, contribuindo para todo o projeto de climatiza\u00e7\u00e3o, tamb\u00e9m deixam os ambientes mais estilizados e modernos, valorizando-os consideravelmente.<\/p>\n\n\n\n<p>Um projeto de climatiza\u00e7\u00e3o AVAC que n\u00e3o considere a aplica\u00e7\u00e3o de pel\u00edculas n\u00e3o \u00e9 verdadeiramente completo e eficiente, pois apesar de atingir o objetivo de climatizar as \u00e1reas, demanda um gasto energ\u00e9tico muito maior.<\/p>\n\n\n\n<p>Outro ponto a ser considerado \u00e9 que por mais que tenhamos um ambiente climatizado, resolvemos apenas uma parte do problema, pois apesar da temperatura estar em n\u00edveis confort\u00e1veis por meios mec\u00e2nicos, os raios ultravioleta continuam bombardeando o ambiente, levando \u00e0 degrada\u00e7\u00e3o dos objetos nele contidos.<\/p>\n\n\n\n<p>A a\u00e7\u00e3o dos raios ultravioleta s\u00e3o:<\/p>\n\n\n\n<ul class=\"wp-block-list\"><li>Desbotamento de carpetes<\/li><li>Desbotamento de cortinas<\/li><li>Envelhecimento precoce<\/li><li>Desconforto visual<\/li><li>Envelhecimento precoce<\/li><li>C\u00e2ncer de pele<\/li><\/ul>\n\n\n\n<p>Com a aplica\u00e7\u00e3o de pel\u00edcula semi refletiva nos vidros, pode-se bloquear 99% dos raios UV, reduzindo totalmente sua a\u00e7\u00e3o nociva.<\/p>\n\n\n\n<p>As pel\u00edculas semi refletivas agem como poderosos aliados \u00e0 climatiza\u00e7\u00e3o do ambiente, melhorando muito o desempenho do ar condicionado, permitindo que se atinja o conforto t\u00e9rmico com menos gasto energ\u00e9tico.<\/p>\n\n\n\n<h2 class=\"wp-block-heading\">Tipos de pel\u00edculas semi refletivas<\/h2>\n\n\n\n<p>As pel\u00edculas refletivas e semi refletivas possuem diversos tipos que se ajustam aos interesses e objetivos mais espec\u00edficos em cada projeto. Elas variam em cor, transmiss\u00e3o de luminosidade, opacidade e outros.<\/p>\n\n\n\n<p>Receba agora mesmo um cat\u00e1logo completo de nossas pel\u00edculas semi refletivas gratuitamente e sem compromisso. Solicite agora mesmo no Whatsapp.<\/p>\n\n\n\n<p>A pel\u00edcula semi refletiva \u00e9 uma op\u00e7\u00e3o magn\u00edfica para prote\u00e7\u00e3o contra raios solares, promovendo tamb\u00e9m privacidade e moderniza\u00e7\u00e3o do ambiente.<\/p>\n\n\n\n<p>Mas aten\u00e7\u00e3o! As pel\u00edculas semi refletivas n\u00e3o s\u00e3o todas iguais. Elas t\u00eam diferentes proced\u00eancias, tempo de garantia, performance e muitos outros quesitos a serem considerados na rela\u00e7\u00e3o custo \/ benef\u00edcio.<\/p>\n\n\n\n<p>Por isso, trabalhamos com as melhores pel\u00edculas do mercado, com garantia de f\u00e1brica e proced\u00eancia dos EUA.<\/p>\n","protected":false},"excerpt":{"rendered":"<p>A pel\u00edcula semi refletiva oferece m\u00e1xima prote\u00e7\u00e3o contra calor e raios UV e UVA, sendo a categoria de pel\u00edculas com os maiores \u00edndices de prote\u00e7\u00e3o e conforto t\u00e9rmico, al\u00e9m de promover total privacidade. A pel\u00edcula semi refletiva permite que do lado de dentro do ambiente seja visto tudo do lado de fora. Em contrapartida, do &hellip;<\/p>\n<p class=\"read-more\"> <a class=\"\" href=\"https:\/\/hcontrolfilm.com.br\/novo\/pelicula-semi-refletiva\/\"> <span class=\"screen-reader-text\">Pel\u00edcula semi refletiva<\/span> Read More &raquo;<\/a><\/p>\n","protected":false},"author":4,"featured_media":0,"comment_status":"closed","ping_status":"closed","sticky":false,"template":"","format":"standard","meta":{"site-sidebar-layout":"default","site-content-layout":"default","ast-global-header-display":"","ast-main-header-display":"","ast-hfb-above-header-display":"","ast-hfb-below-header-display":"","ast-hfb-mobile-header-display":"","site-post-title":"","ast-breadcrumbs-content":"","ast-featured-img":"","footer-sml-layout":"","theme-transparent-header-meta":"","adv-header-id-meta":"","stick-header-meta":"","header-above-stick-meta":"","header-main-stick-meta":"","header-below-stick-meta":"","footnotes":""},"categories":[68],"tags":[],"class_list":["post-3985","post","type-post","status-publish","format-standard","hentry","category-pelicula-espelhada"],"_links":{"self":[{"href":"https:\/\/hcontrolfilm.com.br\/novo\/wp-json\/wp\/v2\/posts\/3985","targetHints":{"allow":["GET"]}}],"collection":[{"href":"https:\/\/hcontrolfilm.com.br\/novo\/wp-json\/wp\/v2\/posts"}],"about":[{"href":"https:\/\/hcontrolfilm.com.br\/novo\/wp-json\/wp\/v2\/types\/post"}],"author":[{"embeddable":true,"href":"https:\/\/hcontrolfilm.com.br\/novo\/wp-json\/wp\/v2\/users\/4"}],"replies":[{"embeddable":true,"href":"https:\/\/hcontrolfilm.com.br\/novo\/wp-json\/wp\/v2\/comments?post=3985"}],"version-history":[{"count":0,"href":"https:\/\/hcontrolfilm.com.br\/novo\/wp-json\/wp\/v2\/posts\/3985\/revisions"}],"wp:attachment":[{"href":"https:\/\/hcontrolfilm.com.br\/novo\/wp-json\/wp\/v2\/media?parent=3985"}],"wp:term":[{"taxonomy":"category","embeddable":true,"href":"https:\/\/hcontrolfilm.com.br\/novo\/wp-json\/wp\/v2\/categories?post=3985"},{"taxonomy":"post_tag","embeddable":true,"href":"https:\/\/hcontrolfilm.com.br\/novo\/wp-json\/wp\/v2\/tags?post=3985"}],"curies":[{"name":"wp","href":"https:\/\/api.w.org\/{rel}","templated":true}]}}