{"id":3963,"date":"2021-10-20T15:46:24","date_gmt":"2021-10-20T15:46:24","guid":{"rendered":"https:\/\/hcontrolfilm.com.br\/novo\/insulfilm-para-janelas-residenciais\/"},"modified":"2021-10-20T15:46:24","modified_gmt":"2021-10-20T15:46:24","slug":"insulfilm-para-janelas-residenciais","status":"publish","type":"post","link":"https:\/\/hcontrolfilm.com.br\/novo\/insulfilm-para-janelas-residenciais\/","title":{"rendered":"Insulfilm para janelas residenciais"},"content":{"rendered":"\n<p>O inc\u00f4modo causado por olhares indesejados para dentro de sua casa n\u00e3o \u00e9 algo exclusivamente seu. Na verdade, as pessoas que moram em pr\u00e9dios de frente para outros sofrem com isso diariamente e em todos os momentos.<\/p>\n\n\n\n<p>As vezes os pr\u00e9dios s\u00e3o muito pr\u00f3ximos uns dos outros, como \u00e9 o caso de muitos condom\u00ednios e a vis\u00e3o para dentro da sua casa \u00e9 muito mais facilitada e invasiva.<\/p>\n\n\n\n<p>Andar \u00e1 vontade em casa \u00e9 uma tarefa que demanda aten\u00e7\u00e3o, pois n\u00e3o se pode esquecer a janela ou cortina aberta, pois mesmo que sem querer, as pessoas olham e acabam comentando.<\/p>\n\n\n\n<p>J\u00e1 atendemos in\u00fameros clientes com problemas de privacidade que \u00e9 afetada em fun\u00e7\u00e3o das janelas n\u00e3o terem um vidro que dificulte a vis\u00e3o de fora para dentro.<\/p>\n\n\n\n<p>H\u00e1 inclusive quem ocupe seu tempo observando \u00e0s escondidas a movimenta\u00e7\u00e3o dos vizinhos.<\/p>\n\n\n\n<p>Imagine o ci\u00fames do esposo ou esposa em ter de lidar com um vizinho ou vizinha que anda nu ou com menos roupas. Tudo isso afeta negativamente o psicol\u00f3gico e a rela\u00e7\u00e3o das pessoas, mas pode ser evitado.<\/p>\n\n\n\n<p>O insulfilm para janelas \u00e9 capaz de bloquear a vis\u00e3o de fora para dentro, mas manter com nitidez e sem ofuscamento, a vis\u00e3o de dentro para fora, permitindo mais conforto e privacidade, al\u00e9m de maior liberdade dentro de sua pr\u00f3pria casa.<\/p>\n\n\n\n<p>Por n\u00e3o saber que tamb\u00e9m pode estar sendo observado, seu vizinho mais curioso tamb\u00e9m fica inibido e evita observar quando sabe que tamb\u00e9m pode estar sendo observado.<\/p>\n\n\n\n<h2 class=\"wp-block-heading\">Insulfilm para janelas: redu\u00e7\u00e3o do calor<\/h2>\n\n\n\n<p>Mas as pel\u00edculas para janelas n\u00e3o se limitam apenas \u00e0 quest\u00e3o de privacidade e podem prover muitas outras condi\u00e7\u00f5es ben\u00e9ficas que somam grande import\u00e2ncia ao bem estar.<\/p>\n\n\n\n<p>Um desses benef\u00edcios \u00e9 a capacidade de bloquear e rejeitar o calor que emana do sol atrav\u00e9s dos raios infravermelhos.<\/p>\n\n\n\n<p>Sabe aquele quarto que fica muito quente em determinada hora do dia e que precisa estar de cortinas fechadas e\/ou com o ar condicionado sempre ligado?<\/p>\n\n\n\n<p>Este problema pode ser resolvido em grande parte pela instala\u00e7\u00e3o de pel\u00edculas nos vidros da janela que s\u00e3o capazes de rejeitar mais do que 80% do calor que chega at\u00e9 os vidros, dispensando at\u00e9 mesmo o uso das cortinas e condicionadores de ar que podem ficar desligados ou funcionarem em menor pot\u00eancia de refrigera\u00e7\u00e3o.<\/p>\n\n\n\n<p>Com isso, h\u00e1 economia no consumo energ\u00e9tico e, logicamente, economia no valor da sua conta de energia.<\/p>\n\n\n\n<h2 class=\"wp-block-heading\">Insulfilm para janelas: prote\u00e7\u00e3o UV<\/h2>\n\n\n\n<p>Mas bloquear o calor n\u00e3o \u00e9 suficiente para o efetivo conforto t\u00e9rmico, pois al\u00e9m dos raios IV (infravermelho), h\u00e1 tamb\u00e9m os raios UV (ultravioleta) que s\u00e3o altamente nocivos \u00e0 pele, podendo causar c\u00e2ncer e envelhecimento precoce.<\/p>\n\n\n\n<p>O insulfilm aplicado em janelas tamb\u00e9m oferece uma prote\u00e7\u00e3o de 99% contra raios ultravioleta, fazendo o bloqueio dos mesmos.<\/p>\n\n\n\n<p>N\u00e3o apenas a pele fica protegida pela pel\u00edcula, mas tamb\u00e9m evita-se a deteriora\u00e7\u00e3o dos m\u00f3veis, cortinas, tapetes e objetos eletr\u00f4nicos que v\u00e3o se degradando gradativamente pela a\u00e7\u00e3o dos raios do sol.<\/p>\n\n\n\n<h2 class=\"wp-block-heading\">Aplica\u00e7\u00e3o de insulfilm na janela residencial<\/h2>\n\n\n\n<p>Os vidros das janelas podem ter a pel\u00edcula aplicada aos mesmos desde que a superf\u00edcie seja lisa. Em caso de vidros canelados ou de outro tipo, basta nos enviar via Whatsapp uma foto dos mesmos para que nossa equipe fa\u00e7a uma an\u00e1lise gratuita e sem compromisso da viabilidade de instala\u00e7\u00e3o de insulfilm nos vidros.<\/p>\n\n\n\n<p>Caso haja restri\u00e7\u00e3o quanto \u00e0s regras do condom\u00ednio quanto \u00e1 altera\u00e7\u00e3o de fachada, temos diversas pel\u00edculas dispon\u00edveis que n\u00e3o afetam a configura\u00e7\u00e3o da fachada do edif\u00edcio e que podem ser instaladas sem preju\u00edzo.<\/p>\n\n\n\n<p>Nossas pel\u00edculas t\u00eam garantia de f\u00e1brica e realizamos testes que comprovam a efici\u00eancia energ\u00e9tica e t\u00e9rmica das mesmas no local do cliente logo ap\u00f3s instaladas.<\/p>\n\n\n\n<h2 class=\"wp-block-heading\">Insulfilm para janelas residenciais: pre\u00e7o<\/h2>\n\n\n\n<p>Trabalhamos com pel\u00edculas de primeira linha, categorizadas como premium e definidas como de alta performance, que v\u00e3o al\u00e9m do efeito de escurecimento ou espelhamento dos vidros.<\/p>\n\n\n\n<p>Nossas pel\u00edculas n\u00e3o desbotam, n\u00e3o descamam e nem se tornam roxas ou apresentam bolhas com o tempo.<\/p>\n\n\n\n<p>N\u00e3o trabalhamos com pel\u00edculas de segunda linha ou tintadas, pois n\u00e3o possuem garantia e nenhuma efici\u00eancia t\u00e9rmica, tendo de ser substitu\u00eddas ap\u00f3s alguns meses por perderem toda a caracter\u00edstica est\u00e9tica.<\/p>\n\n\n\n<p>Para um or\u00e7amento, envie as medidas da sua janela com a foto da mesma via Whatsapp e receba o pre\u00e7o para aplica\u00e7\u00e3o em seus vidros.<\/p>\n\n\n\n<p>Caso seus vidros j\u00e1 possuam pel\u00edculas que precisam ser trocadas, tiramos o insulfilm velho dos vidros sem qualquer danos aos mesmos, podendo, logo em seguida, realizamos a aplica\u00e7\u00e3o de novo insulfilm de alta prote\u00e7\u00e3o.<\/p>\n\n\n\n<h2 class=\"wp-block-heading\">Insulfilm para janelas residenciais: erros cometidos<\/h2>\n\n\n\n<p>A pior coisa que voc\u00ea pode fazer \u00e9 escolher pel\u00edculas tintadas para seus vidros, pois como dissemos antes, estas pel\u00edculas n\u00e3o t\u00eam nenhum tipo de garantia e apenas escurecem os vidros, sem nenhuma prote\u00e7\u00e3o t\u00e9rmica ou UV.<\/p>\n\n\n\n<p>Estas pel\u00edculas s\u00e3o mais baratas, custando em torno de R$ 50 o metro quadrado e duram apenas alguns meses.<\/p>\n\n\n\n<p>Conforme o sol incide sobre estes insulfilmes tintados, suas propriedades qu\u00edmicas v\u00e3o sendo alteradas, tornando-se desbotados ou assumem um tom mais para o roxo, podendo haver tamb\u00e9m descascamento e descolamento do vidro.<\/p>\n\n\n\n<p>Outro erro comum \u00e9 escolher qualquer pel\u00edcula sem antes falar com nossos especialistas, pois eles s\u00e3o conhecedores plenos do universo de pel\u00edculas e tamb\u00e9m da aplica\u00e7\u00e3o das mesmas, considerando tamb\u00e9m diversos aspectos que podem passar despercebidos pelo cliente.<\/p>\n","protected":false},"excerpt":{"rendered":"<p>O inc\u00f4modo causado por olhares indesejados para dentro de sua casa n\u00e3o \u00e9 algo exclusivamente seu. Na verdade, as pessoas que moram em pr\u00e9dios de frente para outros sofrem com isso diariamente e em todos os momentos. As vezes os pr\u00e9dios s\u00e3o muito pr\u00f3ximos uns dos outros, como \u00e9 o caso de muitos condom\u00ednios e &hellip;<\/p>\n<p class=\"read-more\"> <a class=\"\" href=\"https:\/\/hcontrolfilm.com.br\/novo\/insulfilm-para-janelas-residenciais\/\"> <span class=\"screen-reader-text\">Insulfilm para janelas residenciais<\/span> Read More &raquo;<\/a><\/p>\n","protected":false},"author":4,"featured_media":0,"comment_status":"closed","ping_status":"closed","sticky":false,"template":"","format":"standard","meta":{"site-sidebar-layout":"default","site-content-layout":"default","ast-global-header-display":"","ast-main-header-display":"","ast-hfb-above-header-display":"","ast-hfb-below-header-display":"","ast-hfb-mobile-header-display":"","site-post-title":"","ast-breadcrumbs-content":"","ast-featured-img":"","footer-sml-layout":"","theme-transparent-header-meta":"","adv-header-id-meta":"","stick-header-meta":"","header-above-stick-meta":"","header-main-stick-meta":"","header-below-stick-meta":"","footnotes":""},"categories":[224],"tags":[],"class_list":["post-3963","post","type-post","status-publish","format-standard","hentry","category-pelicula-para-janelas"],"_links":{"self":[{"href":"https:\/\/hcontrolfilm.com.br\/novo\/wp-json\/wp\/v2\/posts\/3963","targetHints":{"allow":["GET"]}}],"collection":[{"href":"https:\/\/hcontrolfilm.com.br\/novo\/wp-json\/wp\/v2\/posts"}],"about":[{"href":"https:\/\/hcontrolfilm.com.br\/novo\/wp-json\/wp\/v2\/types\/post"}],"author":[{"embeddable":true,"href":"https:\/\/hcontrolfilm.com.br\/novo\/wp-json\/wp\/v2\/users\/4"}],"replies":[{"embeddable":true,"href":"https:\/\/hcontrolfilm.com.br\/novo\/wp-json\/wp\/v2\/comments?post=3963"}],"version-history":[{"count":0,"href":"https:\/\/hcontrolfilm.com.br\/novo\/wp-json\/wp\/v2\/posts\/3963\/revisions"}],"wp:attachment":[{"href":"https:\/\/hcontrolfilm.com.br\/novo\/wp-json\/wp\/v2\/media?parent=3963"}],"wp:term":[{"taxonomy":"category","embeddable":true,"href":"https:\/\/hcontrolfilm.com.br\/novo\/wp-json\/wp\/v2\/categories?post=3963"},{"taxonomy":"post_tag","embeddable":true,"href":"https:\/\/hcontrolfilm.com.br\/novo\/wp-json\/wp\/v2\/tags?post=3963"}],"curies":[{"name":"wp","href":"https:\/\/api.w.org\/{rel}","templated":true}]}}