{"id":3935,"date":"2021-10-14T20:20:35","date_gmt":"2021-10-14T20:20:35","guid":{"rendered":"https:\/\/hcontrolfilm.com.br\/novo\/insulfilm-termico\/"},"modified":"2021-10-14T20:20:35","modified_gmt":"2021-10-14T20:20:35","slug":"insulfilm-termico","status":"publish","type":"post","link":"https:\/\/hcontrolfilm.com.br\/novo\/insulfilm-termico\/","title":{"rendered":"Insulfilm T\u00e9rmico"},"content":{"rendered":"\n<p>O insulfilm t\u00e9rmico ou insulfilm de redu\u00e7\u00e3o de calor tem sua procura aumentada gradativamente \u00e0 medida em que mais pessoas tomam conhecimento de seus benef\u00edcios diversos, principalmente aqueles relacionados ao conforto t\u00e9rmico no interior do carro ou de algum ambiente.<\/p>\n\n\n\n<p>As pel\u00edculas t\u00e9rmicas v\u00e3o muito al\u00e9m da estiliza\u00e7\u00e3o dos vidros do ve\u00edculo ou de uma sala e, al\u00e9m do efeito de embelezamento, funcionam como \u201crepelente\u201d do calor e dos raios ultravioleta que s\u00e3o muito nocivos \u00e0 pele e aos objetos no interior do carro ou outro ambiente.<\/p>\n\n\n\n<p>As pel\u00edculas de redu\u00e7\u00e3o de calor, al\u00e9m da prote\u00e7\u00e3o, conforto t\u00e9rmico e estilo, tamb\u00e9m proporcionam maior economia nos custos de climatiza\u00e7\u00e3o, pois com a rejei\u00e7\u00e3o de calor e prote\u00e7\u00e3o UV, o interior tende a se tornar mais fresco e refrigerado por mais tempo com menos pot\u00eancia dos climatizadores, o que torna tamb\u00e9m o vidro mais inteligente.<\/p>\n\n\n\n<p>O insulfilm t\u00e9rmico n\u00e3o se limita apenas \u00e0s pel\u00edculas escuras, mas tamb\u00e9m pode ter essa caracter\u00edstica em pel\u00edculas espelhadas e at\u00e9 transparentes.<\/p>\n\n\n\n<p>Isso \u00e9 poss\u00edvel, pois os insulfilmes s\u00e3o compostos de diversas camadas o que permite uma multifuncionalidade de acordo com as prefer\u00eancias ou necessidades espec\u00edficas das pessoas e seus ambientes.<\/p>\n\n\n\n<h2 class=\"wp-block-heading\">Tipos de insulfilms t\u00e9rmicos ou pel\u00edculas solares<\/h2>\n\n\n\n<p>Vamos supor que uma pessoa n\u00e3o queira perder a transpar\u00eancia do seu vidro por alguma raz\u00e3o. Seja para evitar altera\u00e7\u00e3o de fachada ou simplesmente para garantir uma melhor vis\u00e3o \u00e0 noite quando dirigindo o seu ve\u00edculo.<\/p>\n\n\n\n<p>As <strong>pel\u00edculas transparentes<\/strong> com prote\u00e7\u00e3o t\u00e9rmica e UV s\u00e3o as mais apropriadas para aplica\u00e7\u00e3o nos vidros.<\/p>\n\n\n\n<p>Mas se ao mesmo tempo a pessoa deseja privacidade com redu\u00e7\u00e3o de calor, pode optar pelas <strong>pel\u00edculas fum\u00ea<\/strong> que variam em diferentes n\u00edveis de opacidade ou escurecimento, permitindo mais ou menos entrada de luz, sem comprometer a vis\u00e3o interna, podendo dificultar a vis\u00e3o de quem est\u00e1 do lado de fora.<\/p>\n\n\n\n<p>Em suma, essas s\u00e3o as famosas pel\u00edculas \u201cescuras por fora e claras por dentro\u201d t\u00e3o procurada pela maioria dos motoristas em fun\u00e7\u00e3o da necessidade de maior seguran\u00e7a, principalmente em cidades mais violentas.<\/p>\n\n\n\n<p>Essas pel\u00edculas podem proporcionar privacidade, seguran\u00e7a, prote\u00e7\u00e3o solar com rejei\u00e7\u00e3o de calor e bloqueio UV.<\/p>\n\n\n\n<p>J\u00e1 as <strong>pel\u00edculas espelhadas<\/strong> n\u00e3o podem ser aplicadas nos vidros automotivos, pois seu uso \u00e9 vedado pelo C\u00f3digo de Tr\u00e2nsito Brasileiro. Seu uso destina-se ao segmento de arquitetura, como vidros de resid\u00eancias, fachadas envidra\u00e7adas, sacadas, tetos de vidro, claraboias, guaritas e outros.<\/p>\n\n\n\n<p>Existem diversos tipos de insulfilmes espelhados ou insulfilmes refletivos com a\u00e7\u00e3o de prote\u00e7\u00e3o solar, variando em diversos aspectos, inclusive cores.<\/p>\n\n\n\n<p>Temos um cat\u00e1logo completo de pel\u00edculas de todos os tipos com o qual podemos proporcionar a melhor solu\u00e7\u00e3o para os vidros.<\/p>\n\n\n\n<p>A <strong>pel\u00edcula de seguran\u00e7a<\/strong>, tamb\u00e9m chamada de insulfilm antivandalismo, tamb\u00e9m reduz o calor internamente e protege contra a nociva radia\u00e7\u00e3o solar, tendo tamb\u00e9m uma espessura diferenciada que torna o vidro mais resistente a investidas contra a estrutura do mesmo.<\/p>\n\n\n\n<h2 class=\"wp-block-heading\">Insulfilm t\u00e9rmico \u2013 prote\u00e7\u00e3o UV de 99%<\/h2>\n\n\n\n<p>O melhor insulfilm t\u00e9rmico \u00e9 aquele que bloqueia o calor no interior do carro ou da casa e possui 99% de rejei\u00e7\u00e3o dos raios ultravioleta.<\/p>\n\n\n\n<p>Desta maneira, obt\u00e9m-se mais conforto t\u00e9rmico e visual. Fale gratuitamente com um de nossos consultores no Whatsapp, receba um cat\u00e1logo completo e deixe que conhe\u00e7amos suas necessidades e onde planeja instalar o insulfilm a fim de que possamos analisar diversos fatores para especificar a melhor pel\u00edcula de acordo com sua necessidade e prefer\u00eancias. Teremos o maior prazer em ajudar!<\/p>\n","protected":false},"excerpt":{"rendered":"<p>O insulfilm t\u00e9rmico ou insulfilm de redu\u00e7\u00e3o de calor tem sua procura aumentada gradativamente \u00e0 medida em que mais pessoas tomam conhecimento de seus benef\u00edcios diversos, principalmente aqueles relacionados ao conforto t\u00e9rmico no interior do carro ou de algum ambiente. As pel\u00edculas t\u00e9rmicas v\u00e3o muito al\u00e9m da estiliza\u00e7\u00e3o dos vidros do ve\u00edculo ou de uma &hellip;<\/p>\n<p class=\"read-more\"> <a class=\"\" href=\"https:\/\/hcontrolfilm.com.br\/novo\/insulfilm-termico\/\"> <span class=\"screen-reader-text\">Insulfilm T\u00e9rmico<\/span> Read More &raquo;<\/a><\/p>\n","protected":false},"author":4,"featured_media":0,"comment_status":"closed","ping_status":"closed","sticky":false,"template":"","format":"standard","meta":{"site-sidebar-layout":"default","site-content-layout":"default","ast-global-header-display":"","ast-main-header-display":"","ast-hfb-above-header-display":"","ast-hfb-below-header-display":"","ast-hfb-mobile-header-display":"","site-post-title":"","ast-breadcrumbs-content":"","ast-featured-img":"","footer-sml-layout":"","theme-transparent-header-meta":"","adv-header-id-meta":"","stick-header-meta":"","header-above-stick-meta":"","header-main-stick-meta":"","header-below-stick-meta":"","footnotes":""},"categories":[479],"tags":[],"class_list":["post-3935","post","type-post","status-publish","format-standard","hentry","category-pelicula-de-reducao-de-calor"],"_links":{"self":[{"href":"https:\/\/hcontrolfilm.com.br\/novo\/wp-json\/wp\/v2\/posts\/3935","targetHints":{"allow":["GET"]}}],"collection":[{"href":"https:\/\/hcontrolfilm.com.br\/novo\/wp-json\/wp\/v2\/posts"}],"about":[{"href":"https:\/\/hcontrolfilm.com.br\/novo\/wp-json\/wp\/v2\/types\/post"}],"author":[{"embeddable":true,"href":"https:\/\/hcontrolfilm.com.br\/novo\/wp-json\/wp\/v2\/users\/4"}],"replies":[{"embeddable":true,"href":"https:\/\/hcontrolfilm.com.br\/novo\/wp-json\/wp\/v2\/comments?post=3935"}],"version-history":[{"count":0,"href":"https:\/\/hcontrolfilm.com.br\/novo\/wp-json\/wp\/v2\/posts\/3935\/revisions"}],"wp:attachment":[{"href":"https:\/\/hcontrolfilm.com.br\/novo\/wp-json\/wp\/v2\/media?parent=3935"}],"wp:term":[{"taxonomy":"category","embeddable":true,"href":"https:\/\/hcontrolfilm.com.br\/novo\/wp-json\/wp\/v2\/categories?post=3935"},{"taxonomy":"post_tag","embeddable":true,"href":"https:\/\/hcontrolfilm.com.br\/novo\/wp-json\/wp\/v2\/tags?post=3935"}],"curies":[{"name":"wp","href":"https:\/\/api.w.org\/{rel}","templated":true}]}}