{"id":3831,"date":"2021-09-28T01:40:47","date_gmt":"2021-09-28T01:40:47","guid":{"rendered":"https:\/\/hcontrolfilm.com.br\/novo\/peliculas-de-protecao-solar-saiba-porque-voce-nao-pode-viver-sem-elas\/"},"modified":"2021-09-28T01:40:47","modified_gmt":"2021-09-28T01:40:47","slug":"peliculas-de-protecao-solar-saiba-porque-voce-nao-pode-viver-sem-elas","status":"publish","type":"post","link":"https:\/\/hcontrolfilm.com.br\/novo\/peliculas-de-protecao-solar-saiba-porque-voce-nao-pode-viver-sem-elas\/","title":{"rendered":"Pel\u00edculas de Prote\u00e7\u00e3o Solar: saiba porque voc\u00ea n\u00e3o pode viver sem elas"},"content":{"rendered":"\n<p>Ningu\u00e9m duvida que a exposi\u00e7\u00e3o moderada ao sol, que pode trazer in\u00fameros benef\u00edcios, como a produ\u00e7\u00e3o de Vitamina D, redu\u00e7\u00e3o do risco de depress\u00e3o, melhora na qualidade do sono, prote\u00e7\u00e3o contra doen\u00e7as e est\u00edmulo \u00e0 produ\u00e7\u00e3o de melanina, por\u00e9m os raios solares podem ser prejudiciais \u00e0 sa\u00fade humana e devemos saber quando nos protegermos dos mesmos.<\/p>\n\n\n\n<p>Os raios solares s\u00e3o ondas eletromagn\u00e9ticas e se locomovem pelo espa\u00e7o em velocidades que muito se aproximam \u00e0 velocidade da luz.<\/p>\n\n\n\n<p>Os raios solares podem ser classificados em:<\/p>\n\n\n\n<ul class=\"wp-block-list\"><li>Radia\u00e7\u00e3o infravermelha<\/li><li>Radia\u00e7\u00e3o Ultravioleta<\/li><li>Radiofrequ\u00eancia<\/li><li>Luz vis\u00edvel<\/li><li>Raio Gama<\/li><li>Raio-X<\/li><\/ul>\n\n\n\n<h2 class=\"wp-block-heading\">Radia\u00e7\u00e3o solar<\/h2>\n\n\n\n<p>Esta \u00e9 uma energia, como o pr\u00f3prio nome diz, gerada a partir do sol, alcan\u00e7ando a Terra sob a forma de ondas eletromagn\u00e9ticas. A intensidade da radia\u00e7\u00e3o solar pode alcan\u00e7ar 1366 kw\/ m\u00b2 (quilowatts por metro quadrado). A origem dessa energia s\u00e3o as fus\u00f5es nucleares geradas a partir do n\u00facleo do sol.<\/p>\n\n\n\n<p>Os neutrinos s\u00e3o min\u00fasculas part\u00edculas que de t\u00e3o pequenas, podem atravessar o interior do planeta Terra sem que toquem em um \u00e1tomo e o sol gera uma quantidade enorme dessas part\u00edculas e na Terra estamos expostos a 8.1010 neutrinos por cm\u00b2 a cada segundo.<\/p>\n\n\n\n<h2 class=\"wp-block-heading\">Conhe\u00e7a os tipos de raios solares<\/h2>\n\n\n\n<p>A radia\u00e7\u00e3o eletromagn\u00e9tica \u00e9 a forma sob a qual os raios solares s\u00e3o transmitidos, sendo esta energia emitida como radia\u00e7\u00e3o infravermelha, ultravioleta e luz vis\u00edvel.<\/p>\n\n\n\n<p><strong>A radia\u00e7\u00e3o infravermelha (IV)<\/strong> \u00e9 a radia\u00e7\u00e3o eletromagn\u00e9tica possuindo comprimento de onda entre 700 nan\u00f4metros e 1 mil\u00edmetro e de frequ\u00eancia menor que a luz vis\u00edvel. A radia\u00e7\u00e3o infravermelha n\u00e3o \u00e9 vis\u00edvel a olho nu, por\u00e9m pode ser percebida por sua propriedade de aquecimento.<\/p>\n\n\n\n<p><strong>A radia\u00e7\u00e3o ultravioleta (UV)<\/strong> \u00e9 toda radia\u00e7\u00e3o eletromagn\u00e9tica com comprimento de onda entre 200 e 400 nan\u00f4metros e de frequ\u00eancia maior que a luz vis\u00edvel. Recebe este nome pois violeta \u00e9 uma cor de maior frequ\u00eancia que a vis\u00e3o humana consegue ver. Ela corresponde a 9% de toda a energia do sol que chega \u00e0 superf\u00edcie da Terra.<\/p>\n\n\n\n<p>Por ser a radia\u00e7\u00e3o com energia maior que as demais emitidas pelo Sol, representa uma s\u00e9rie de perigos aos seres viventes, mas a camada de oz\u00f4nio que envolve o planta tem a fun\u00e7\u00e3o de proteger todas as formas de vida contra os males causados pela incid\u00eancia dos raios ultravioleta.<\/p>\n\n\n\n<p>Por\u00e9m com a deteriora\u00e7\u00e3o da camada de oz\u00f4nio, a incid\u00eancia de raios ultravioleta aumenta gradativamente na superf\u00edcie da Terra e a deprecia\u00e7\u00e3o dos seres vivos pode ser sentido de forma mais r\u00e1pida.<\/p>\n\n\n\n<h2 class=\"wp-block-heading\">Raios solares e seus efeitos<\/h2>\n\n\n\n<p>Apesar da radia\u00e7\u00e3o infravermelha n\u00e3o acarretar efeitos significativos sobre o corpo humano, pois n\u00e3o possui grande poder de penetra\u00e7\u00e3o na pele, a excessiva exposi\u00e7\u00e3o pode causar queimaduras.<\/p>\n\n\n\n<p>Os raios ultravioleta, por\u00e9m, classificam-se como agudas ou cr\u00f4nicas. As rea\u00e7\u00f5es agudas s\u00e3o as queimaduras, bronzeamento e produ\u00e7\u00e3o de Vitamina D e podem desaparecer com brevidade. J\u00e1 as cr\u00f4nicas, como fotoenvelhecimento e c\u00e2ncer de pele, surgem gradualmente e persistem por um tempo mais prolongado.<\/p>\n\n\n\n<p>A organiza\u00e7\u00e3o Cancer Research UK chegou \u00e0 conclus\u00e3o de que a radia\u00e7\u00e3o ultravioleta tamb\u00e9m pode acarretar um raro tipo de c\u00e2ncer ocular, denominado melanoma conjuntival.<\/p>\n\n\n\n<p>As pessoas podem ser classificadas por fototipo 1,2,3,4,5 e 6. E indiv\u00edduos classificados como fototipos 1 e 2, ou seja, pele clara, sardas, cabelos claros ou ruivos e olhos claros. Pessoas que possuem hist\u00f3rico familiar de c\u00e2ncer cut\u00e2neo, queimaduras de sol e pintas precisam redobrar os cuidados.<\/p>\n\n\n\n<p>Segundo a Sociedade Brasileira de Dermatologia algumas recomenda\u00e7\u00f5es protetivas precisam ser adotadas por todas as pessoas, como:<\/p>\n\n\n\n<ul class=\"wp-block-list\"><li>Usar \u00f3culos escuros;<\/li><li>Usar chap\u00e9us, camisetas e&nbsp;protetores solares;<\/li><li>Evite a exposi\u00e7\u00e3o solar e permane\u00e7a na sombra entre 10h e 16h;<\/li><li>Use filtros solares diariamente, e n\u00e3o somente em hor\u00e1rios de lazer e divers\u00e3o;<\/li><li>Observe regularmente a pr\u00f3pria pele \u00e0 procura de pintas ou manchas suspeitas;<\/li><li>Consulte um dermatologista uma vez ao ano, no m\u00ednimo, para realizar exames completos;<\/li><li>Mantenha beb\u00eas e crian\u00e7as protegidos do sol. Filtros solares podem ser usados a partir dos seis meses;<\/li><li>Na praia ou na piscina, use barracas feitas de algod\u00e3o ou lona, que absorvem 50% da radia\u00e7\u00e3o ultravioleta. As barracas de nylon formam uma barreira pouco confi\u00e1vel: 95% dos raios UV ultrapassam o material.<\/li><\/ul>\n\n\n\n<h2 class=\"wp-block-heading\">Pel\u00edculas de Prote\u00e7\u00e3o Solar Automotiva<\/h2>\n\n\n\n<p>Considere, por\u00e9m a correria do dia a dia e voc\u00ea acabar\u00e1 percebendo que as recomenda\u00e7\u00f5es podem ser deixadas de lado e voc\u00ea acabar se expondo demasiadamente aos raios solares.<\/p>\n\n\n\n<p>Por exemplo, ao dirigir todos os dias, pode estar recebendo os raios nocivos do sol diretamente no rosto, pesco\u00e7o, bra\u00e7os, abd\u00f4men, pernas, etc. Inclusive os demais ocupantes do seu carro, como por exemplo, seus filhos, principalmente os beb\u00eas.<\/p>\n\n\n\n<p>\u00c9 por isso que todos os dias as pessoas recorrem \u00e0s pel\u00edculas de alta performance que s\u00e3o capazes de bloquear em at\u00e9 99% os raios ultravioleta e rejeitar at\u00e9 80% o calor advindo dos raios infravermelhos, mas permitindo a entrada de luz vis\u00edvel, fazendo com que a visibilidade no interior do ve\u00edculo seja poss\u00edvel.<\/p>\n\n\n\n<p>As pel\u00edculas de alta performance possuem diversas configura\u00e7\u00f5es, como tonalidades, opacidades, cores e estilos, trazendo tamb\u00e9m o diferencial do estilo.<\/p>\n\n\n\n<p>As pel\u00edculas possuem m\u00faltiplas camadas funcionais que atuam em cada elemento dos raios solares, filtrando e protegendo a pele muito mais eficientemente do que o uso de um \u00f3culos escuro ou protetor solar e podem reduzir consideravelmente o consumo de combust\u00edvel quando utiliza-se ar condicionado.<\/p>\n\n\n\n<h2 class=\"wp-block-heading\">Pel\u00edculas de Prote\u00e7\u00e3o Solar Residencial<\/h2>\n\n\n\n<p>As pel\u00edculas de prote\u00e7\u00e3o solar tamb\u00e9m s\u00e3o largamente utilizadas em projetos arquitet\u00f4nicos, pois igualmente agregam diversos benef\u00edcios.<\/p>\n\n\n\n<p>Casas, escrit\u00f3rios, pr\u00e9dios, apartamentos, com\u00e9rcios em geral que possuem janelas, varandas, sacadas envidra\u00e7adas, tetos de vidro, claraboias, vitrines s\u00e3o beneficiados com a prote\u00e7\u00e3o advinda das pel\u00edculas de redu\u00e7\u00e3o de calor e bloqueio de raios ultravioleta, protegendo assim m\u00f3veis, seus ocupantes, aparelhos eletr\u00f4nicos e reduzindo gastos energ\u00e9ticos com climatiza\u00e7\u00e3o.<\/p>\n\n\n\n<h2 class=\"wp-block-heading\">Pel\u00edculas de Prote\u00e7\u00e3o Solar: lista de benef\u00edcios<\/h2>\n\n\n\n<p>Confira todos os benef\u00edcios que voc\u00ea pode obter com a instala\u00e7\u00e3o de pel\u00edculas solares em seu autom\u00f3vel ou resid\u00eancia:<\/p>\n\n\n\n<p>\u00b7&nbsp;&nbsp;&nbsp;&nbsp;&nbsp;&nbsp; Conforto t\u00e9rmico<\/p>\n\n\n\n<p>\u00b7&nbsp;&nbsp;&nbsp;&nbsp;&nbsp;&nbsp; Conforto visual<\/p>\n\n\n\n<p>\u00b7&nbsp;&nbsp;&nbsp;&nbsp;&nbsp;&nbsp; Redu\u00e7\u00e3o de gastos com climatiza\u00e7\u00e3o<\/p>\n\n\n\n<p>\u00b7&nbsp;&nbsp;&nbsp;&nbsp;&nbsp;&nbsp; Est\u00e9tica externa e interna<\/p>\n\n\n\n<p>\u00b7&nbsp;&nbsp;&nbsp;&nbsp;&nbsp;&nbsp; Valoriza\u00e7\u00e3o e moderniza\u00e7\u00e3o do ambiente ou ve\u00edculo<\/p>\n\n\n\n<p>\u00b7&nbsp;&nbsp;&nbsp;&nbsp;&nbsp;&nbsp; Diversos modelos \u00e0 escolha<\/p>\n\n\n\n<p>\u00b7&nbsp;&nbsp;&nbsp;&nbsp;&nbsp;&nbsp; Adequa\u00e7\u00e3o \u00e0 fachada<\/p>\n\n\n\n<p>\u00b7&nbsp;&nbsp;&nbsp;&nbsp;&nbsp;&nbsp; \u00d3tima visibilidade<\/p>\n\n\n\n<p>\u00b7&nbsp;&nbsp;&nbsp;&nbsp;&nbsp;&nbsp; Privacidade<\/p>\n\n\n\n<p>\u00b7&nbsp;&nbsp;&nbsp;&nbsp;&nbsp;&nbsp; Totalmente legalizado<\/p>\n\n\n\n<p>\u00b7&nbsp;&nbsp;&nbsp;&nbsp;&nbsp;&nbsp; Garantia de f\u00e1brica<\/p>\n\n\n\n<p>\u00b7&nbsp;&nbsp;&nbsp;&nbsp;&nbsp;&nbsp; Garantia na instala\u00e7\u00e3o<\/p>\n\n\n\n<p>\u00b7&nbsp;&nbsp;&nbsp;&nbsp;&nbsp;&nbsp; Acabamento perfeito<\/p>\n\n\n\n<h2 class=\"wp-block-heading\">Pel\u00edculas de Prote\u00e7\u00e3o Solar: cuidado com imita\u00e7\u00f5es<\/h2>\n\n\n\n<p>Infelizmente, existem empresas que vendem pel\u00edculas de m\u00e1 qualidade sob o manto de pel\u00edculas de performance e cobram pre\u00e7os excessivos por pel\u00edculas que n\u00e3o possuem nenhuma rejei\u00e7\u00e3o de calor ou rejei\u00e7\u00e3o de calor reduzida e n\u00e3o bloqueiam os raios ultravioleta como prometido.<\/p>\n\n\n\n<p>\u00c9 por isso que n\u00f3s fazemos sempre o teste do medidor de calor e bloqueio de raios ultravioleta logo ap\u00f3s a instala\u00e7\u00e3o na casa ou carro de nossos clientes.<\/p>\n\n\n\n<p>Trabalhamos com pel\u00edculas que podem ser atestadas em qualquer tempo, logo ap\u00f3s instaladas, por meio de aparelhos como fot\u00f4metro e detector de radia\u00e7\u00e3o que aferem a efic\u00e1cia de nosso material.<\/p>\n\n\n\n<p>Conhe\u00e7a nosso cat\u00e1logo e trabalhos que j\u00e1 executamos em resid\u00eancias, bancos, clubes, hot\u00e9is e diversas outras empresas.<\/p>\n\n\n\n<p>N\u00e3o deixe de falar conosco no Whatsapp e entender como podemos ajudar voc\u00ea a ter a pel\u00edcula ideal para suas necessidades!<\/p>\n","protected":false},"excerpt":{"rendered":"<p>Ningu\u00e9m duvida que a exposi\u00e7\u00e3o moderada ao sol, que pode trazer in\u00fameros benef\u00edcios, como a produ\u00e7\u00e3o de Vitamina D, redu\u00e7\u00e3o do risco de depress\u00e3o, melhora na qualidade do sono, prote\u00e7\u00e3o contra doen\u00e7as e est\u00edmulo \u00e0 produ\u00e7\u00e3o de melanina, por\u00e9m os raios solares podem ser prejudiciais \u00e0 sa\u00fade humana e devemos saber quando nos protegermos dos &hellip;<\/p>\n<p class=\"read-more\"> <a class=\"\" href=\"https:\/\/hcontrolfilm.com.br\/novo\/peliculas-de-protecao-solar-saiba-porque-voce-nao-pode-viver-sem-elas\/\"> <span class=\"screen-reader-text\">Pel\u00edculas de Prote\u00e7\u00e3o Solar: saiba porque voc\u00ea n\u00e3o pode viver sem elas<\/span> Read More &raquo;<\/a><\/p>\n","protected":false},"author":4,"featured_media":0,"comment_status":"closed","ping_status":"closed","sticky":false,"template":"","format":"standard","meta":{"site-sidebar-layout":"default","site-content-layout":"default","ast-global-header-display":"","ast-main-header-display":"","ast-hfb-above-header-display":"","ast-hfb-below-header-display":"","ast-hfb-mobile-header-display":"","site-post-title":"","ast-breadcrumbs-content":"","ast-featured-img":"","footer-sml-layout":"","theme-transparent-header-meta":"","adv-header-id-meta":"","stick-header-meta":"","header-above-stick-meta":"","header-main-stick-meta":"","header-below-stick-meta":"","footnotes":""},"categories":[479],"tags":[],"class_list":["post-3831","post","type-post","status-publish","format-standard","hentry","category-pelicula-de-reducao-de-calor"],"_links":{"self":[{"href":"https:\/\/hcontrolfilm.com.br\/novo\/wp-json\/wp\/v2\/posts\/3831","targetHints":{"allow":["GET"]}}],"collection":[{"href":"https:\/\/hcontrolfilm.com.br\/novo\/wp-json\/wp\/v2\/posts"}],"about":[{"href":"https:\/\/hcontrolfilm.com.br\/novo\/wp-json\/wp\/v2\/types\/post"}],"author":[{"embeddable":true,"href":"https:\/\/hcontrolfilm.com.br\/novo\/wp-json\/wp\/v2\/users\/4"}],"replies":[{"embeddable":true,"href":"https:\/\/hcontrolfilm.com.br\/novo\/wp-json\/wp\/v2\/comments?post=3831"}],"version-history":[{"count":0,"href":"https:\/\/hcontrolfilm.com.br\/novo\/wp-json\/wp\/v2\/posts\/3831\/revisions"}],"wp:attachment":[{"href":"https:\/\/hcontrolfilm.com.br\/novo\/wp-json\/wp\/v2\/media?parent=3831"}],"wp:term":[{"taxonomy":"category","embeddable":true,"href":"https:\/\/hcontrolfilm.com.br\/novo\/wp-json\/wp\/v2\/categories?post=3831"},{"taxonomy":"post_tag","embeddable":true,"href":"https:\/\/hcontrolfilm.com.br\/novo\/wp-json\/wp\/v2\/tags?post=3831"}],"curies":[{"name":"wp","href":"https:\/\/api.w.org\/{rel}","templated":true}]}}