{"id":3665,"date":"2021-09-07T00:13:26","date_gmt":"2021-09-07T00:13:26","guid":{"rendered":"https:\/\/hcontrolfilm.com.br\/novo\/pelicula-para-janela-como-escolher\/"},"modified":"2021-09-07T00:13:26","modified_gmt":"2021-09-07T00:13:26","slug":"pelicula-para-janela-como-escolher","status":"publish","type":"post","link":"https:\/\/hcontrolfilm.com.br\/novo\/pelicula-para-janela-como-escolher\/","title":{"rendered":"Pel\u00edcula para janela: como escolher?"},"content":{"rendered":"\n<p>Se voc\u00ea est\u00e1 com dificuldades para escolher uma pel\u00edcula para sua janela, saiba que n\u00e3o \u00e9 a \u00fanica pessoa a passar por isso. A maioria das pessoas passa por esse problema.<\/p>\n\n\n\n<p>A fim de que voc\u00ea escolha a pel\u00edcula certa para seu caso, preparamos este artigo, por\u00e9m nosso atendimento tamb\u00e9m est\u00e1 dispon\u00edvel para tirar todo tipo de d\u00favida relacionada de modo que voc\u00ea esteja plenamente satisfeito com o seu \u201cinsulfilm\u201d para vidros escolhido.<\/p>\n\n\n\n<p>A verdade \u00e9 que existem diversas marcas e modelos de pel\u00edculas com pre\u00e7os e benef\u00edcios diversos, bem como caracter\u00edsticas.<\/p>\n\n\n\n<p>Essa pluralidade de pel\u00edculas visa atender todos os tipos de clientes, desde os que querem uma solu\u00e7\u00e3o simpl\u00f3ria at\u00e9 aqueles que desejam resolver o problema de forma quase que permanente, recorrendo \u00e0 pel\u00edcula de alta performance que iremos apresentar neste artigo.<\/p>\n\n\n\n<h2 class=\"wp-block-heading\">Pel\u00edcula certa para janela: como escolher e o que considerar<\/h2>\n\n\n\n<p>Conhe\u00e7a as op\u00e7\u00f5es de pel\u00edculas para vidros de janelas a partir de agora!<\/p>\n\n\n\n<p>Todos os dias, praticamente a cada minuto, recebemos dezenas de contatos com as mais variadas d\u00favidas, por\u00e9m 99% das d\u00favidas relacionadas a insulfilm s\u00e3o voltadas para o tipo de pel\u00edcula que deve ser escolhida.<\/p>\n\n\n\n<p>Existem alguns fatores que voc\u00ea precisa considerar conforme o local onde a pel\u00edcula ser\u00e1 instalada, s\u00e3o eles:<\/p>\n\n\n\n<ul class=\"wp-block-list\"><li>Fachada do pr\u00e9dio<\/li><li>Incid\u00eancia de sol e calor<\/li><li>Privacidade<\/li><li>Estiliza\u00e7\u00e3o<\/li><li>Dura\u00e7\u00e3o<\/li><li>Performance<\/li><li>Proced\u00eancia<\/li><li>Seguran\u00e7a<\/li><li>Conforto visual<\/li><li>N\u00e3o perder a vista<\/li><\/ul>\n\n\n\n<h2 class=\"wp-block-heading\">Pel\u00edcula para fachada de pr\u00e9dio<\/h2>\n\n\n\n<p>\u00c9 extremamente importante entender que a maioria dos edif\u00edcios n\u00e3o permite altera\u00e7\u00e3o de fachada e que caso isso ocorra, o morador pode ser notificado e multado, al\u00e9m de ser obrigado a remover a pel\u00edcula que pagou para aplicar em seus vidros.<\/p>\n\n\n\n<p>Sabendo disso, temos em nosso cat\u00e1logo uma gama de pel\u00edculas que podem harmonizar com a fachada do pr\u00e9dio, n\u00e3o causando qualquer tipo de altera\u00e7\u00e3o.<\/p>\n\n\n\n<p>Por exemplo, caso um edif\u00edcio n\u00e3o permita o escurecimento dos vidros, temos a op\u00e7\u00e3o da pel\u00edcula transparente de bloqueio de raios solares nocivos e prote\u00e7\u00e3o contra estilha\u00e7amento do vidro.<\/p>\n\n\n\n<p>Caso a fachada do pr\u00e9dio tenha vidros espelhados de qualquer cor ou tonalidade, temos a pel\u00edcula exata que se harmoniza com o ambiente, evitando qualquer tipo de problema por conta de modifica\u00e7\u00e3o irregular de fachada.<\/p>\n\n\n\n<p>Entre em contato e solicite um atendimento profissional que ir\u00e1 especificar a pel\u00edcula correta e ainda agregar diversos benef\u00edcios como privacidade, redu\u00e7\u00e3o de calor e bloqueios de raios UV, al\u00e9m de privacidade. Temos todos os tipos de pel\u00edcula.<\/p>\n\n\n\n<h2 class=\"wp-block-heading\">Pel\u00edcula para janela onde h\u00e1 incid\u00eancia de sol e calor<\/h2>\n\n\n\n<p>\u00c9 importante considerar o quanto de calor e raios nocivos s\u00e3o incidentes na janela em determinadas horas do dia. Conforme nossa especifica\u00e7\u00e3o, sugerimos a pel\u00edcula que se alinha perfeitamente \u00e0s suas necessidades. Pel\u00edculas de redu\u00e7\u00e3o de calor s\u00e3o grandes aliadas para a economia de energia, principalmente em tempos de poss\u00edvel racionamento e altas tarifas, pois a pel\u00edcula ajuda a manter a climatiza\u00e7\u00e3o interna, reduzindo custos de ar condicionado.<\/p>\n\n\n\n<p>Um c\u00f4modo pode esquentar muito com a insola\u00e7\u00e3o em determinadas horas do dia, causando grande desconforto t\u00e9rmico. E apenas cortinas n\u00e3o adiantam, pois ao mesmo tempo a pessoa pode querer manter a claridade do dia e assim se obrigada a acender a luz, gastando ainda mais energia.<\/p>\n\n\n\n<p>Assim, pel\u00edculas de redu\u00e7\u00e3o de calor e bloqueio de raios solares nocivos s\u00e3o a op\u00e7\u00e3o ideal para quem quer evitar o calor excessivo e manter a claridade natural do dia.<\/p>\n\n\n\n<h2 class=\"wp-block-heading\">Pel\u00edcula para privacidade<\/h2>\n\n\n\n<p>Vamos supor que sua <a href=\"https:\/\/hcontrolfilm.com.br\/novo\/insulfilm-residencial-para-aplicar-em-portas-e-janelas\/\">janela esteja de frente para<\/a> a janela do vizinho e com isso voc\u00ea fica desconfort\u00e1vel em ficar \u00e0 vontade, pois tem receio de ser observado. A op\u00e7\u00e3o \u00e9 a utiliza\u00e7\u00e3o de pel\u00edculas que promovem a privacidade interna, mas mantendo a visibilidade externa, ou seja, de dentro consigo ver claramente o que ocorre do lado de fora e de fora, ningu\u00e9m consegue ver o que ocorre internamente.<\/p>\n\n\n\n<p>Temos pel\u00edculas com diversos n\u00edveis de transpar\u00eancia e com o benef\u00edcio de redu\u00e7\u00e3o de calor e a\u00e7\u00e3o antiestilha\u00e7amento.<\/p>\n\n\n\n<p>Temos a linha completa de pel\u00edculas escuras para vidros com garantia de f\u00e1brica.<\/p>\n\n\n\n<h2 class=\"wp-block-heading\">Pel\u00edcula estilizando o ambiente<\/h2>\n\n\n\n<p>Al\u00e9m da a\u00e7\u00e3o de privacidade, redu\u00e7\u00e3o de calor, bloqueio de raios solares nocivos, conten\u00e7\u00e3o de estilha\u00e7os, a pel\u00edcula tamb\u00e9m \u00e9 um fator de decora\u00e7\u00e3o, contribuindo para um ambiente mais estilizado, inteligente e harm\u00f4nico.<\/p>\n\n\n\n<p>N\u00e3o \u00e9 incomum trabalharmos em parceria com arquitetos em centenas de projetos diferentes, onde especificamos a pel\u00edcula ideal para as necessidades em quest\u00e3o expostas pelo arquiteto ou decorador de interiores.<\/p>\n\n\n\n<h2 class=\"wp-block-heading\">Pel\u00edcula dur\u00e1vel<\/h2>\n\n\n\n<p>N\u00e3o se engane comprando pel\u00edculas de proced\u00eancia duvidosa crendo estar recebendo pel\u00edculas de performance com dura\u00e7\u00e3o aceit\u00e1vel. A qualidade das pel\u00edculas tem pre\u00e7o equiparado.<\/p>\n\n\n\n<p>Veja o exemplo do \u201cinsulfilm tintado\u201d que, conforme a carga solar que recebe, desbota em apenas seis meses, perdendo suas propriedades e ainda podendo se tornar arroxeada, causando uma apar\u00eancia feia, podendo tamb\u00e9m deixar o ambiente interno mais quente, al\u00e9m de prover um enorme desconforto visual, pois a pessoa perde a vista da janela quando aplica pel\u00edculas de m\u00e1 qualidade.<\/p>\n\n\n\n<p>Se voc\u00ea quer uma pel\u00edcula dur\u00e1vel na sua janela, existem op\u00e7\u00f5es premium e super premium dispon\u00edveis.<\/p>\n\n\n\n<p>Consulte-nos e conhe\u00e7a todas as op\u00e7\u00f5es. Temos pel\u00edculas com garantia de dez anos e importadas.<\/p>\n\n\n\n<h2 class=\"wp-block-heading\">Pel\u00edculas de performance<\/h2>\n\n\n\n<p>S\u00e3o pel\u00edculas que v\u00e3o muito al\u00e9m do efeito de escurecimento, elas proporcionam redu\u00e7\u00e3o sens\u00edvel de calor e bloqueio de at\u00e9 99% dos raios nocivos do sol que podem causar c\u00e2ncer e outras doen\u00e7as de pele.<\/p>\n\n\n\n<p>As pel\u00edculas de performance protegem a pele de adultos, crian\u00e7as e animais, al\u00e9m dos m\u00f3veis, cortinas e aparelhos eletr\u00f4nicos.<\/p>\n\n\n\n<p>As pel\u00edculas de alta performance s\u00e3o de alta durabilidade e proporcionam um custo ; benef\u00edcio muito maior em rela\u00e7\u00e3o a pel\u00edculas tintadas ou de poli\u00e9ster.<\/p>\n\n\n\n<h2 class=\"wp-block-heading\">Pel\u00edculas transparentes ou com menos opacidade<\/h2>\n\n\n\n<p>Muitas pessoas t\u00eam uma bela vista e ficam com receio de perder a vis\u00e3o com a aplica\u00e7\u00e3o de pel\u00edculas, por\u00e9m temos films para vidros que mant\u00e9m a transpar\u00eancia e ainda promovem um conforto visual, mantendo ainda os benef\u00edcios de redu\u00e7\u00e3o de calor e prote\u00e7\u00e3o contra raios ultra violeta.<\/p>\n","protected":false},"excerpt":{"rendered":"<p>Se voc\u00ea est\u00e1 com dificuldades para escolher uma pel\u00edcula para sua janela, saiba que n\u00e3o \u00e9 a \u00fanica pessoa a passar por isso. A maioria das pessoas passa por esse problema. A fim de que voc\u00ea escolha a pel\u00edcula certa para seu caso, preparamos este artigo, por\u00e9m nosso atendimento tamb\u00e9m est\u00e1 dispon\u00edvel para tirar todo &hellip;<\/p>\n<p class=\"read-more\"> <a class=\"\" href=\"https:\/\/hcontrolfilm.com.br\/novo\/pelicula-para-janela-como-escolher\/\"> <span class=\"screen-reader-text\">Pel\u00edcula para janela: como escolher?<\/span> Read More &raquo;<\/a><\/p>\n","protected":false},"author":4,"featured_media":0,"comment_status":"closed","ping_status":"closed","sticky":false,"template":"","format":"standard","meta":{"site-sidebar-layout":"default","site-content-layout":"default","ast-global-header-display":"","ast-main-header-display":"","ast-hfb-above-header-display":"","ast-hfb-below-header-display":"","ast-hfb-mobile-header-display":"","site-post-title":"","ast-breadcrumbs-content":"","ast-featured-img":"","footer-sml-layout":"","theme-transparent-header-meta":"","adv-header-id-meta":"","stick-header-meta":"","header-above-stick-meta":"","header-main-stick-meta":"","header-below-stick-meta":"","footnotes":""},"categories":[224],"tags":[],"class_list":["post-3665","post","type-post","status-publish","format-standard","hentry","category-pelicula-para-janelas"],"_links":{"self":[{"href":"https:\/\/hcontrolfilm.com.br\/novo\/wp-json\/wp\/v2\/posts\/3665","targetHints":{"allow":["GET"]}}],"collection":[{"href":"https:\/\/hcontrolfilm.com.br\/novo\/wp-json\/wp\/v2\/posts"}],"about":[{"href":"https:\/\/hcontrolfilm.com.br\/novo\/wp-json\/wp\/v2\/types\/post"}],"author":[{"embeddable":true,"href":"https:\/\/hcontrolfilm.com.br\/novo\/wp-json\/wp\/v2\/users\/4"}],"replies":[{"embeddable":true,"href":"https:\/\/hcontrolfilm.com.br\/novo\/wp-json\/wp\/v2\/comments?post=3665"}],"version-history":[{"count":0,"href":"https:\/\/hcontrolfilm.com.br\/novo\/wp-json\/wp\/v2\/posts\/3665\/revisions"}],"wp:attachment":[{"href":"https:\/\/hcontrolfilm.com.br\/novo\/wp-json\/wp\/v2\/media?parent=3665"}],"wp:term":[{"taxonomy":"category","embeddable":true,"href":"https:\/\/hcontrolfilm.com.br\/novo\/wp-json\/wp\/v2\/categories?post=3665"},{"taxonomy":"post_tag","embeddable":true,"href":"https:\/\/hcontrolfilm.com.br\/novo\/wp-json\/wp\/v2\/tags?post=3665"}],"curies":[{"name":"wp","href":"https:\/\/api.w.org\/{rel}","templated":true}]}}