{"id":3663,"date":"2021-09-06T22:45:38","date_gmt":"2021-09-06T22:45:38","guid":{"rendered":"https:\/\/hcontrolfilm.com.br\/novo\/pelicula-de-protecao-solar-para-vitrines\/"},"modified":"2021-09-06T22:45:38","modified_gmt":"2021-09-06T22:45:38","slug":"pelicula-de-protecao-solar-para-vitrines","status":"publish","type":"post","link":"https:\/\/hcontrolfilm.com.br\/novo\/pelicula-de-protecao-solar-para-vitrines\/","title":{"rendered":"Pel\u00edcula de prote\u00e7\u00e3o solar para vitrines"},"content":{"rendered":"\n<p>Nem todo mundo sabe, mas existem pel\u00edculas para vidros que podem ajudar muito contra os problemas que muitas vitrines t\u00eam, como a alta incid\u00eancia de raios solares que podem prejudicar os produtos expostos na mesma.<\/p>\n\n\n\n<p>A a\u00e7\u00e3o dos raios solares \u00e9 um problema recorrente em lojas ou outros estabelecimentos comerciais que possuem seus produtos expostos ao p\u00fablico.<\/p>\n\n\n\n<p>Muitas lojas e estabelecimentos sofrem n\u00e3o apenas com o calor, mas com a a\u00e7\u00e3o do sol sobre seus produtos diariamente que podem causar danos diversos e at\u00e9 inutilizar as mercadorias, como \u00e9 o caso de roupas que podem ter sua colora\u00e7\u00e3o original afetada por conta do bombardeio dos raios ultra violetas.<\/p>\n\n\n\n<p>O mesmo ocorre com outros produtos, como sapatos, produtos \u00e0 base de couro, aparelhos eletr\u00f4nicos e at\u00e9 alimentos.<\/p>\n\n\n\n<p>E sem d\u00favida isso traz insatisfa\u00e7\u00e3o, pois o preju\u00edzo pode ser consider\u00e1vel em fun\u00e7\u00e3o de ter uma mercadoria avariada, sendo a mesma inutilizada ou vendida abaixo do pre\u00e7o normal.<\/p>\n\n\n\n<p>Muitos lojistas t\u00eam recorrido \u00e0 aplica\u00e7\u00e3o de <a href=\"https:\/\/hcontrolfilm.com.br\/novo\/verao-peliculas-solares\/\">pel\u00edculas para vidro com a\u00e7\u00e3o de bloqueio solar<\/a> para proteger suas mercadorias da a\u00e7\u00e3o nociva do sol.<\/p>\n\n\n\n<p>E garantidamente, as <a href=\"https:\/\/hcontrolfilm.com.br\/novo\/pelicula-automotiva-de-protecao-solar\/\">pel\u00edculas de prote\u00e7\u00e3o solar<\/a> t\u00eam a\u00e7\u00e3o protetiva comprovada logo ap\u00f3s a instala\u00e7\u00e3o das mesmas com aparelhos de medi\u00e7\u00e3o de incid\u00eancia de calor e raios UV.<\/p>\n\n\n\n<p>N\u00f3s fazemos o teste para o cliente na hora, logo ap\u00f3s instaladas as pel\u00edculas.<\/p>\n\n\n\n<h2 class=\"wp-block-heading\">Pel\u00edcula Insulfilm para vitrine: como funciona<\/h2>\n\n\n\n<p>As <a href=\"https:\/\/hcontrolfilm.com.br\/novo\/peliculas-de-protecao-solar\/\">pel\u00edculas para vidro com a\u00e7\u00e3o de bloqueio solar<\/a> voltada para vitrines s\u00e3o instaladas por dentro do estabelecimento e n\u00e3o apenas protegem os produtos expostos, como tamb\u00e9m ajudam a manter o interior da loja climatizado, economizando custos com energia.<\/p>\n\n\n\n<p>Trabalhamos com pel\u00edculas com comprovadamente bloqueiam at\u00e9 99% dos raios UV (ultravioleta) e 90% dos raios infravermelhos, principais agentes causadores de c\u00e2ncer e outros problemas d\u00e9rmicos em todo o globo.<\/p>\n\n\n\n<p>Trabalhamos com pel\u00edculas com garantia de f\u00e1brica, importadas, com teste de bloqueio realizado logo ap\u00f3s a instala\u00e7\u00e3o para que o cliente comprove a a\u00e7\u00e3o de nossas pel\u00edculas.<\/p>\n\n\n\n<p>Quando voc\u00ea recorre \u00e0 nossa empresa como sua instaladora de <a href=\"https:\/\/hcontrolfilm.com.br\/novo\/pelicula-de-vidro-conheca-as-peliculas-para-vidros\/\">pel\u00edculas para vidros<\/a>, recebe uma garantia do servi\u00e7o e uma garantia da aplica\u00e7\u00e3o, pois n\u00e3o adianta tamb\u00e9m escolher a melhor pel\u00edcula e a mesma ser erroneamente aplicada, podendo acumular bolhas e ficar com acabamento mau feito.<\/p>\n\n\n\n<h2 class=\"wp-block-heading\">Pel\u00edcula para vitrines: visibilidade<\/h2>\n\n\n\n<p>A aplica\u00e7\u00e3o de pel\u00edculas film em vidros de vitrines n\u00e3o atrapalha a visibilidade dos produtos nela expostos, pelo contr\u00e1rio, h\u00e1 um conforto visual e transpar\u00eancia que permite que os itens expostos sejam facilmente vistos, bem como seus detalhes igualmente percebidos.<\/p>\n\n\n\n<p>Podemos dizer que os produtos mant\u00e9m suas caracter\u00edsticas atrativas, pois n\u00e3o mais s\u00e3o deteriorados pela a\u00e7\u00e3o do sol.<\/p>\n\n\n\n<p>Ou seja, a nitidez \u00e9 mantida com a aplica\u00e7\u00e3o de pel\u00edculas em vitrines.<\/p>\n\n\n\n<h2 class=\"wp-block-heading\">Pel\u00edcula em vitrine e prote\u00e7\u00e3o do vidro<\/h2>\n\n\n\n<p>Um dos benef\u00edcios adicionais al\u00e9m da prote\u00e7\u00e3o contra raios UV e redu\u00e7\u00e3o de calor das pel\u00edculas em vitrine \u00e9 que o film oferece uma prote\u00e7\u00e3o adicional ao vidro, deixando-o mais forte e protegendo contra estilha\u00e7amentos.<\/p>\n\n\n\n<p>Algumas pel\u00edculas podem oferecer ainda uma extra prote\u00e7\u00e3o contra a a\u00e7\u00e3o de v\u00e2ndalos, recebendo o nome de \u201cpel\u00edculas antivandalismo\u201d que possuem uma composi\u00e7\u00e3o especial que as deixam ainda mais resistentes contra a investida de v\u00e2ndalos.<\/p>\n","protected":false},"excerpt":{"rendered":"<p>Nem todo mundo sabe, mas existem pel\u00edculas para vidros que podem ajudar muito contra os problemas que muitas vitrines t\u00eam, como a alta incid\u00eancia de raios solares que podem prejudicar os produtos expostos na mesma. A a\u00e7\u00e3o dos raios solares \u00e9 um problema recorrente em lojas ou outros estabelecimentos comerciais que possuem seus produtos expostos &hellip;<\/p>\n<p class=\"read-more\"> <a class=\"\" href=\"https:\/\/hcontrolfilm.com.br\/novo\/pelicula-de-protecao-solar-para-vitrines\/\"> <span class=\"screen-reader-text\">Pel\u00edcula de prote\u00e7\u00e3o solar para vitrines<\/span> Read More &raquo;<\/a><\/p>\n","protected":false},"author":4,"featured_media":0,"comment_status":"closed","ping_status":"closed","sticky":false,"template":"","format":"standard","meta":{"site-sidebar-layout":"default","site-content-layout":"default","ast-global-header-display":"","ast-main-header-display":"","ast-hfb-above-header-display":"","ast-hfb-below-header-display":"","ast-hfb-mobile-header-display":"","site-post-title":"","ast-breadcrumbs-content":"","ast-featured-img":"","footer-sml-layout":"","theme-transparent-header-meta":"","adv-header-id-meta":"","stick-header-meta":"","header-above-stick-meta":"","header-main-stick-meta":"","header-below-stick-meta":"","footnotes":""},"categories":[485],"tags":[],"class_list":["post-3663","post","type-post","status-publish","format-standard","hentry","category-pelicula-de-fachada"],"_links":{"self":[{"href":"https:\/\/hcontrolfilm.com.br\/novo\/wp-json\/wp\/v2\/posts\/3663","targetHints":{"allow":["GET"]}}],"collection":[{"href":"https:\/\/hcontrolfilm.com.br\/novo\/wp-json\/wp\/v2\/posts"}],"about":[{"href":"https:\/\/hcontrolfilm.com.br\/novo\/wp-json\/wp\/v2\/types\/post"}],"author":[{"embeddable":true,"href":"https:\/\/hcontrolfilm.com.br\/novo\/wp-json\/wp\/v2\/users\/4"}],"replies":[{"embeddable":true,"href":"https:\/\/hcontrolfilm.com.br\/novo\/wp-json\/wp\/v2\/comments?post=3663"}],"version-history":[{"count":0,"href":"https:\/\/hcontrolfilm.com.br\/novo\/wp-json\/wp\/v2\/posts\/3663\/revisions"}],"wp:attachment":[{"href":"https:\/\/hcontrolfilm.com.br\/novo\/wp-json\/wp\/v2\/media?parent=3663"}],"wp:term":[{"taxonomy":"category","embeddable":true,"href":"https:\/\/hcontrolfilm.com.br\/novo\/wp-json\/wp\/v2\/categories?post=3663"},{"taxonomy":"post_tag","embeddable":true,"href":"https:\/\/hcontrolfilm.com.br\/novo\/wp-json\/wp\/v2\/tags?post=3663"}],"curies":[{"name":"wp","href":"https:\/\/api.w.org\/{rel}","templated":true}]}}