{"id":3537,"date":"2020-12-05T21:10:50","date_gmt":"2020-12-05T21:10:50","guid":{"rendered":"https:\/\/hcontrolfilm.com.br\/novo\/pelicula-para-janela-varanda-fachada-e-teto-de-vidro\/"},"modified":"2020-12-05T21:10:50","modified_gmt":"2020-12-05T21:10:50","slug":"pelicula-para-janela-varanda-fachada-e-teto-de-vidro","status":"publish","type":"post","link":"https:\/\/hcontrolfilm.com.br\/novo\/pelicula-para-janela-varanda-fachada-e-teto-de-vidro\/","title":{"rendered":"Pel\u00edcula para Janela, Varanda, Fachada e Teto de Vidro"},"content":{"rendered":"\n<figure class=\"wp-block-embed-youtube wp-block-embed is-type-video is-provider-youtube wp-embed-aspect-16-9 wp-has-aspect-ratio\"><div class=\"wp-block-embed__wrapper\">\n<div class=\"ast-oembed-container\" style=\"height: 100%;\"><iframe title=\"Varanda e Janelas com Pel\u00edcula Insulfilm\" width=\"500\" height=\"281\" src=\"https:\/\/www.youtube.com\/embed\/W0v3Dfy4aE0?feature=oembed\" frameborder=\"0\" allow=\"accelerometer; autoplay; clipboard-write; encrypted-media; gyroscope; picture-in-picture; web-share\" referrerpolicy=\"strict-origin-when-cross-origin\" allowfullscreen><\/iframe><\/div>\n<\/div><\/figure>\n\n\n\n<figure class=\"wp-block-embed-youtube wp-block-embed is-type-video is-provider-youtube wp-embed-aspect-16-9 wp-has-aspect-ratio\"><div class=\"wp-block-embed__wrapper\">\n<div class=\"ast-oembed-container\" style=\"height: 100%;\"><iframe title=\"Fachada de Vidro Pel\u00edcula Insulfilm RJ\" width=\"500\" height=\"281\" src=\"https:\/\/www.youtube.com\/embed\/P6PqWbsIXnw?feature=oembed\" frameborder=\"0\" allow=\"accelerometer; autoplay; clipboard-write; encrypted-media; gyroscope; picture-in-picture; web-share\" referrerpolicy=\"strict-origin-when-cross-origin\" allowfullscreen><\/iframe><\/div>\n<\/div><\/figure>\n\n\n\n<figure class=\"wp-block-embed-youtube wp-block-embed is-type-video is-provider-youtube wp-embed-aspect-16-9 wp-has-aspect-ratio\"><div class=\"wp-block-embed__wrapper\">\n<div class=\"ast-oembed-container\" style=\"height: 100%;\"><iframe title=\"Fachada de Vidro - Reduzir Calor - Pel\u00edcula Insulfilm RJ\" width=\"500\" height=\"281\" src=\"https:\/\/www.youtube.com\/embed\/wxp718KvTTI?feature=oembed\" frameborder=\"0\" allow=\"accelerometer; autoplay; clipboard-write; encrypted-media; gyroscope; picture-in-picture; web-share\" referrerpolicy=\"strict-origin-when-cross-origin\" allowfullscreen><\/iframe><\/div>\n<\/div><\/figure>\n\n\n\n<figure class=\"wp-block-embed-youtube wp-block-embed is-type-video is-provider-youtube wp-embed-aspect-16-9 wp-has-aspect-ratio\"><div class=\"wp-block-embed__wrapper\">\n<div class=\"ast-oembed-container\" style=\"height: 100%;\"><iframe title=\"Pel\u00edcula Teto Envidra\u00e7ado - Pel\u00edcula Insulfilm RJ\" width=\"500\" height=\"281\" src=\"https:\/\/www.youtube.com\/embed\/_PunYUcOqiE?feature=oembed\" frameborder=\"0\" allow=\"accelerometer; autoplay; clipboard-write; encrypted-media; gyroscope; picture-in-picture; web-share\" referrerpolicy=\"strict-origin-when-cross-origin\" allowfullscreen><\/iframe><\/div>\n<\/div><\/figure>\n\n\n\n<p>\u00c9 cada dia mais comum encontrar casas e apartamentos com grandes fachadas de vidro, que possibilitam melhor ilumina\u00e7\u00e3o, privilegiam a vista e podem contribuir para a redu\u00e7\u00e3o do consumo&nbsp;da energia el\u00e9trica. A luz do sol proporciona bem-estar e conforto, no entanto, a exposi\u00e7\u00e3o excessiva pode representar problemas de sa\u00fade e preju\u00edzo material. Em casa, por exemplo, m\u00f3veis, pisos, tapetes e quadros podem ser danificados. Na maioria dos casos, as cortinas s\u00e3o as mais utilizadas para barrar a entrada de raios solares, por\u00e9m alguns inconvenientes persistem, entre eles, o calor e os efeitos nocivos dos raios UV\u2019s em nossa pele.<\/p>\n\n\n\n<p>Uma solu\u00e7\u00e3o moderna <a href=\"https:\/\/hcontrolfilm.com.br\/novo\/pelicula-de-vidro-conheca-as-peliculas-para-vidros\/\">para estes casos s\u00e3o as pel\u00edculas para vidro<\/a> suntek, que ajudam a diminuir n\u00e3o apenas o calor, mas os efeitos prejudiciais&nbsp;causados pela superexposi\u00e7\u00e3o ao sol. As cortinas barram apenas a claridade e n\u00e3o os raios solares, isso fica comprovado pela menor dura\u00e7\u00e3o do tecido, que frequentemente \u00e9 exposto ao sol. Em im\u00f3veis com muita incid\u00eancia solar, seria preciso deixar a cortina fechada o tempo todo, o que, creio, gera um certo inc\u00f4modo.<\/p>\n\n\n\n<p>Por conter alto fator de prote\u00e7\u00e3o, cerca de FPS 1700+, as pel\u00edculas suntek podem ser consideradas o protetor solar da casa. Geralmente os clientes procuram por esta pel\u00edcula devido ao grande conforto t\u00e9rmico que ela oferece, al\u00e9m da possibilidade de economizar energia. Se entra menos calor, utiliza-se menos o ar condicionado ou ventilador.<\/p>\n\n\n\n<p>Fabricadas com base em nanotecnologia, essas pel\u00edculas apresentam mais de 200 camadas, (enquanto as tradicionais giram entre sete e dez), s\u00e3o transparentes e t\u00eam espectro seletivas, ou seja, separam cada faixa do espectro solar, sendo assim mais eficientes. Ap\u00f3s testes, foi comprovada diferen\u00e7a de at\u00e9 19 graus depois de instalada a prote\u00e7\u00e3o nas janelas.&nbsp; Isso se deve ao fato do produto atuar de forma inteligente, absorvendo o calor e mantendo o vidro com a apar\u00eancia praticamente igual ao original. Al\u00e9m da vers\u00e3o \u201ctransparente\u201d, h\u00e1 ainda as pel\u00edculas escuras, geralmente instaladas em salas de televis\u00e3o, nos quais os raios solares podem ofuscar ou impedir a visualiza\u00e7\u00e3o da tela.<\/p>\n\n\n\n<p><strong>Decora\u00e7\u00e3o<\/strong><\/p>\n\n\n\n<p>As pel\u00edculas tamb\u00e9m levam vantagem quando o assunto \u00e9 decora\u00e7\u00e3o. Tradicionalmente utilizados, os vidros com serigrafia s\u00e3o mais caros que as pel\u00edculas decorativas, algo em torno de 40%. \u00c9 interessante destacar que a grande vantagem da pel\u00edcula \u00e9 a versatilidade. Se daqui cinco anos voc\u00ea se cansar do tipo de desenho no vidro, basta trocar a pel\u00edcula, op\u00e7\u00e3o que o vidro n\u00e3o oferece. H\u00e1 dezenas de op\u00e7\u00f5es de estampas oferecidas pela suntek, que conta com garantia de dez anos.<\/p>\n","protected":false},"excerpt":{"rendered":"<p>\u00c9 cada dia mais comum encontrar casas e apartamentos com grandes fachadas de vidro, que possibilitam melhor ilumina\u00e7\u00e3o, privilegiam a vista e podem contribuir para a redu\u00e7\u00e3o do consumo&nbsp;da energia el\u00e9trica. A luz do sol proporciona bem-estar e conforto, no entanto, a exposi\u00e7\u00e3o excessiva pode representar problemas de sa\u00fade e preju\u00edzo material. Em casa, por &hellip;<\/p>\n<p class=\"read-more\"> <a class=\"\" href=\"https:\/\/hcontrolfilm.com.br\/novo\/pelicula-para-janela-varanda-fachada-e-teto-de-vidro\/\"> <span class=\"screen-reader-text\">Pel\u00edcula para Janela, Varanda, Fachada e Teto de Vidro<\/span> Read More &raquo;<\/a><\/p>\n","protected":false},"author":4,"featured_media":0,"comment_status":"closed","ping_status":"closed","sticky":false,"template":"","format":"standard","meta":{"site-sidebar-layout":"default","site-content-layout":"default","ast-global-header-display":"","ast-main-header-display":"","ast-hfb-above-header-display":"","ast-hfb-below-header-display":"","ast-hfb-mobile-header-display":"","site-post-title":"","ast-breadcrumbs-content":"","ast-featured-img":"","footer-sml-layout":"","theme-transparent-header-meta":"","adv-header-id-meta":"","stick-header-meta":"","header-above-stick-meta":"","header-main-stick-meta":"","header-below-stick-meta":"","footnotes":""},"categories":[72],"tags":[],"class_list":["post-3537","post","type-post","status-publish","format-standard","hentry","category-pelicula-anti-calor"],"_links":{"self":[{"href":"https:\/\/hcontrolfilm.com.br\/novo\/wp-json\/wp\/v2\/posts\/3537","targetHints":{"allow":["GET"]}}],"collection":[{"href":"https:\/\/hcontrolfilm.com.br\/novo\/wp-json\/wp\/v2\/posts"}],"about":[{"href":"https:\/\/hcontrolfilm.com.br\/novo\/wp-json\/wp\/v2\/types\/post"}],"author":[{"embeddable":true,"href":"https:\/\/hcontrolfilm.com.br\/novo\/wp-json\/wp\/v2\/users\/4"}],"replies":[{"embeddable":true,"href":"https:\/\/hcontrolfilm.com.br\/novo\/wp-json\/wp\/v2\/comments?post=3537"}],"version-history":[{"count":0,"href":"https:\/\/hcontrolfilm.com.br\/novo\/wp-json\/wp\/v2\/posts\/3537\/revisions"}],"wp:attachment":[{"href":"https:\/\/hcontrolfilm.com.br\/novo\/wp-json\/wp\/v2\/media?parent=3537"}],"wp:term":[{"taxonomy":"category","embeddable":true,"href":"https:\/\/hcontrolfilm.com.br\/novo\/wp-json\/wp\/v2\/categories?post=3537"},{"taxonomy":"post_tag","embeddable":true,"href":"https:\/\/hcontrolfilm.com.br\/novo\/wp-json\/wp\/v2\/tags?post=3537"}],"curies":[{"name":"wp","href":"https:\/\/api.w.org\/{rel}","templated":true}]}}