{"id":3405,"date":"2020-03-23T18:35:04","date_gmt":"2020-03-23T18:35:04","guid":{"rendered":"https:\/\/hcontrolfilm.com.br\/novo\/peliculas-de-reducao-de-calor-viram-febre-no-rio-de-janeiro\/"},"modified":"2020-03-23T18:35:04","modified_gmt":"2020-03-23T18:35:04","slug":"peliculas-de-reducao-de-calor-viram-febre-no-rio-de-janeiro","status":"publish","type":"post","link":"https:\/\/hcontrolfilm.com.br\/novo\/peliculas-de-reducao-de-calor-viram-febre-no-rio-de-janeiro\/","title":{"rendered":"Pel\u00edculas de redu\u00e7\u00e3o de calor viram febre no Rio de Janeiro"},"content":{"rendered":"<p>Em pr\u00e9dios, casas, academias, guaritas e at\u00e9 em autom\u00f3veis: as pel\u00edculas para vidros (tamb\u00e9m chamadas de Insulfilm) viraram febre no Brasil. Os motivos? A redu\u00e7\u00e3o de calor, o bloqueio da entrada de raios ultravioleta e outros tantos benef\u00edcios que trazem ao consumidor!<\/p>\n<p>N\u00e3o \u00e9 de hoje que os Insulfilm de controle solar ganharam a simpatia dos brasileiros, especialmente aqueles que moram em regi\u00f5es onde o calor \u00e9 ainda mais intenso, como o Rio de Janeiro.<\/p>\n<p>No mercado, est\u00e3o dispon\u00edveis variedades de pel\u00edculas, com pigmentos, n\u00edveis de transpar\u00eancia e formatos diferentes, para se adequarem \u00e0s demandas de cada ambiente.<\/p>\n<p>Neste artigo, voc\u00ea pode entender melhor os benef\u00edcios que fizeram com que as pel\u00edculas passassem a ser itens indispens\u00e1veis no nosso pa\u00eds. Al\u00e9m disso, pode conferir alguns tipos de pel\u00edculas e decidir qual \u00e9 a melhor para voc\u00ea!<\/p>\n<p><strong>Pel\u00edcula Residencial: quais s\u00e3o e que benef\u00edcios possuem?<\/strong><\/p>\n<p>As pel\u00edculas residenciais, como o nome j\u00e1 diz, s\u00e3o aquelas ideais para casas e im\u00f3veis similares. Podem ser aplicadas em janelas, fachadas, box e em quaisquer outros tipos de vidros.<\/p>\n<p>Quando instaladas nos vidros, as <a href=\"https:\/\/hcontrolfilm.com.br\/novo\/pelicula-contra-excesso-de-claridade-e-calor\/\">pel\u00edculas reduzem significativamente a entrada de calor<\/a>, o que resulta em um ambiente com maior equil\u00edbrio t\u00e9rmico e muito mais agrad\u00e1vel para as pessoas que nele vivem ou trabalham.<\/p>\n<p>Al\u00e9m disso, o <a href=\"https:\/\/hcontrolfilm.com.br\/novo\/insulfilm-residencial\/\">Insulfilm residencial<\/a> bloqueia a entrada da radia\u00e7\u00e3o ultravioleta, sabidamente mal\u00e9fica para a sa\u00fade das pessoas e tamb\u00e9m prejudicial para a conserva\u00e7\u00e3o de m\u00f3veis, obras de arte, eletr\u00f4nicos e outros objetos.<\/p>\n<p>Entre as pel\u00edculas residenciais, est\u00e3o as transparentes, que n\u00e3o interferem na est\u00e9tica do ambiente, nem na vista que se tem do exterior. Al\u00e9m dessa, est\u00e3o as jateadas, que podem reduzir a entrada de luz vis\u00edvel, se essa for a inten\u00e7\u00e3o do cliente. As espelhadas tamb\u00e9m s\u00e3o outros tipos comuns, que garantem privacidade para o interior do ambiente sem diminuir a entrada de luz natural.<\/p>\n<p><strong>E as prediais, como funcionam?<\/strong><\/p>\n<p>O insulfilm predial \u00e9 um dos mais aplicados no nosso pa\u00eds. Se voc\u00ea reparar bem, praticamente todos os pr\u00e9dios de cidades como o Rio de Janeiro est\u00e3o equipados com essas pel\u00edculas, principalmente devido ao forte calor nessas regi\u00f5es.<\/p>\n<p>As <a href=\"https:\/\/hcontrolfilm.com.br\/novo\/pelicula-em-janela-reducao-de-calor\/\">pel\u00edculas prediais foram desenvolvidas para fachadas e janelas<\/a> de edif\u00edcios e pr\u00e9dios, sejam eles comerciais ou residenciais. Est\u00e3o preparadas para a exposi\u00e7\u00e3o solar intensa e sua tecnologia garante um controle da entrada de calor e de radia\u00e7\u00e3o ultravioleta.<\/p>\n<p>As pel\u00edculas prediais podem ou n\u00e3o ser pigmentadas. O que isso quer dizer? Quer dizer que o cliente pode escolher entre a aplica\u00e7\u00e3o de <a href=\"https:\/\/hcontrolfilm.com.br\/novo\/insulfilm-transparente\/\">insulfilm predial transparente<\/a> ou com algum tipo de colora\u00e7\u00e3o, como a negra ou em tons acinzentados.<\/p>\n<p>Sejam as transparentes ou as fum\u00eas, as pel\u00edculas conseguem diminuir a necessidade do uso de ar-condicionado, justamente porque propiciam um ambiente termicamente mais equilibrado. Assim, a aplica\u00e7\u00e3o de pel\u00edculas prediais tamb\u00e9m se relaciona com a economia de energia.<\/p>\n<p><strong>Insulfilm Automotivo: vale a pena instalar pel\u00edculas no meu carro?<\/strong><\/p>\n<p>E nos ve\u00edculos, ser\u00e1 que vale a pena a <a href=\"https:\/\/hcontrolfilm.com.br\/novo\/pelicula-calor-recreio\/\">instala\u00e7\u00e3o de pel\u00edculas<\/a>? No mercado brasileiro, as pel\u00edculas automotivas se popularizaram rapidamente, j\u00e1 que elas t\u00eam fun\u00e7\u00f5es importantes, tais quais:<\/p>\n<p><em>&#8211; Controlar a entrada de calor e de raios ultravioleta<\/em><\/p>\n<p>Assim como as pel\u00edculas residenciais e prediais, as automotivas tamb\u00e9m bloqueiam em at\u00e9 99% a entrada de raios UV e diminuem consideravelmente a entrada de calor. Para quem passa muitas horas no tr\u00e2nsito, esse \u00e9 um fator indispens\u00e1vel, tanto para o bem-estar quanto para a sa\u00fade.<\/p>\n<p><em>&#8211; Zelar pela conserva\u00e7\u00e3o de pain\u00e9is, estofados e volante<\/em><\/p>\n<p>O calor e a luz direta danificam partes internas do ve\u00edculo, especialmente os estofados, pain\u00e9is e volante. Por isso, o insulfilm automotivo tamb\u00e9m \u00e9 visto como uma forma de preven\u00e7\u00e3o contra danos nessas pe\u00e7as, cujos reparos ou substitui\u00e7\u00f5es costumam pesar no bolso dos propriet\u00e1rios.<\/p>\n<p><em>&#8211; Aumentar a resist\u00eancia dos vidros contra estilha\u00e7os <\/em><\/p>\n<p>Em casos de acidentes, batidas ou at\u00e9 mesmo tentativas de furto, ter os vidros mais resistentes far\u00e1 toda a diferen\u00e7a. O insulfilm automotivo diminui os riscos de estilha\u00e7os, zelando, assim, pela seguran\u00e7a das pessoas que est\u00e3o no interior (e tamb\u00e9m no exterior) do ve\u00edculo.<\/p>\n<p>&nbsp;<\/p>\n<p>N\u00e3o \u00e9 \u00e0 toa que as <a href=\"https:\/\/hcontrolfilm.com.br\/novo\/pelicula-de-reducao-de-calor-protecao-uv\/\">pel\u00edculas de redu\u00e7\u00e3o de calor<\/a> viraram febre no Rio de Janeiro e em todo o Brasil, n\u00e3o \u00e9 mesmo? Agora que voc\u00ea j\u00e1 conhece os motivos pelos quais elas se tornaram t\u00e3o populares, que tal instalar insulfilm na sua resid\u00eancia, pr\u00e9dio e\/ou autom\u00f3vel?<\/p>\n<p>Para saber mais sobre nossas variedades de pel\u00edculas e consultar pre\u00e7os e agenda, entre em contato com a gente! Ser\u00e1 um prazer atender voc\u00ea!<\/p>\n<p>&nbsp;<\/p>\n","protected":false},"excerpt":{"rendered":"<p>Em pr\u00e9dios, casas, academias, guaritas e at\u00e9 em autom\u00f3veis: as pel\u00edculas para vidros (tamb\u00e9m chamadas de Insulfilm) viraram febre no Brasil. Os motivos? A redu\u00e7\u00e3o de calor, o bloqueio da entrada de raios ultravioleta e outros tantos benef\u00edcios que trazem ao consumidor! N\u00e3o \u00e9 de hoje que os Insulfilm de controle solar ganharam a simpatia &hellip;<\/p>\n<p class=\"read-more\"> <a class=\"\" href=\"https:\/\/hcontrolfilm.com.br\/novo\/peliculas-de-reducao-de-calor-viram-febre-no-rio-de-janeiro\/\"> <span class=\"screen-reader-text\">Pel\u00edculas de redu\u00e7\u00e3o de calor viram febre no Rio de Janeiro<\/span> Read More &raquo;<\/a><\/p>\n","protected":false},"author":4,"featured_media":0,"comment_status":"closed","ping_status":"closed","sticky":false,"template":"","format":"standard","meta":{"site-sidebar-layout":"default","site-content-layout":"default","ast-global-header-display":"","ast-main-header-display":"","ast-hfb-above-header-display":"","ast-hfb-below-header-display":"","ast-hfb-mobile-header-display":"","site-post-title":"","ast-breadcrumbs-content":"","ast-featured-img":"","footer-sml-layout":"","theme-transparent-header-meta":"","adv-header-id-meta":"","stick-header-meta":"","header-above-stick-meta":"","header-main-stick-meta":"","header-below-stick-meta":"","footnotes":""},"categories":[72],"tags":[],"class_list":["post-3405","post","type-post","status-publish","format-standard","hentry","category-pelicula-anti-calor"],"_links":{"self":[{"href":"https:\/\/hcontrolfilm.com.br\/novo\/wp-json\/wp\/v2\/posts\/3405","targetHints":{"allow":["GET"]}}],"collection":[{"href":"https:\/\/hcontrolfilm.com.br\/novo\/wp-json\/wp\/v2\/posts"}],"about":[{"href":"https:\/\/hcontrolfilm.com.br\/novo\/wp-json\/wp\/v2\/types\/post"}],"author":[{"embeddable":true,"href":"https:\/\/hcontrolfilm.com.br\/novo\/wp-json\/wp\/v2\/users\/4"}],"replies":[{"embeddable":true,"href":"https:\/\/hcontrolfilm.com.br\/novo\/wp-json\/wp\/v2\/comments?post=3405"}],"version-history":[{"count":0,"href":"https:\/\/hcontrolfilm.com.br\/novo\/wp-json\/wp\/v2\/posts\/3405\/revisions"}],"wp:attachment":[{"href":"https:\/\/hcontrolfilm.com.br\/novo\/wp-json\/wp\/v2\/media?parent=3405"}],"wp:term":[{"taxonomy":"category","embeddable":true,"href":"https:\/\/hcontrolfilm.com.br\/novo\/wp-json\/wp\/v2\/categories?post=3405"},{"taxonomy":"post_tag","embeddable":true,"href":"https:\/\/hcontrolfilm.com.br\/novo\/wp-json\/wp\/v2\/tags?post=3405"}],"curies":[{"name":"wp","href":"https:\/\/api.w.org\/{rel}","templated":true}]}}