{"id":3392,"date":"2020-02-16T14:41:11","date_gmt":"2020-02-16T14:41:11","guid":{"rendered":"https:\/\/hcontrolfilm.com.br\/novo\/peliculas-de-reducao-de-calor-entenda-por-que-elas-viraram-febre-no-rio\/"},"modified":"2020-02-16T14:41:11","modified_gmt":"2020-02-16T14:41:11","slug":"peliculas-de-reducao-de-calor-entenda-por-que-elas-viraram-febre-no-rio","status":"publish","type":"post","link":"https:\/\/hcontrolfilm.com.br\/novo\/peliculas-de-reducao-de-calor-entenda-por-que-elas-viraram-febre-no-rio\/","title":{"rendered":"Pel\u00edculas de redu\u00e7\u00e3o de calor: entenda por que elas viraram febre no Rio!"},"content":{"rendered":"<p>A procura por servi\u00e7os de instala\u00e7\u00e3o de pel\u00edculas de redu\u00e7\u00e3o de calor disparou no Rio de Janeiro, especialmente nas esta\u00e7\u00f5es mais quentes do ano.<\/p>\n<p>Se voc\u00ea chegou at\u00e9 aqui, \u00e9 porque tamb\u00e9m tem interesse em instalar essas pel\u00edculas nos vidros da sua casa, com\u00e9rcio ou at\u00e9 mesmo autom\u00f3vel, certo?<\/p>\n<p>Bem, ent\u00e3o confira mais sobre essas pel\u00edculas neste artigo. Vamos explicar como elas funcionam, citar alguns tipos mais comuns e falar sobre os benef\u00edcios que trazem. Boa leitura!<\/p>\n<p><strong>Como funcionam as <\/strong><a href=\"https:\/\/hcontrolfilm.com.br\/novo\/pelicula-de-reducao-de-calor-protecao-uv\/\">pel\u00edculas de redu\u00e7\u00e3o de calor?<\/a><\/p>\n<p>H\u00e1 uma tecnologia por tr\u00e1s das pel\u00edculas para vidros. Afinal, elas s\u00e3o camadas reativamente finas, que, quando instaladas nos vidros, atuam no forte controle da entrada de calor e de radia\u00e7\u00e3o ultravioleta.<\/p>\n<p>Mas como isso \u00e9 feito? Tudo come\u00e7a na composi\u00e7\u00e3o dessas pel\u00edculas, que podem ser de cer\u00e2mica, alum\u00ednio, carbono ou outros materiais e combina\u00e7\u00f5es. Depois, elas passam por processos de metaliza\u00e7\u00e3o a valor ou a v\u00e1cuo, lamina\u00e7\u00e3o e instala\u00e7\u00e3o de pequenos absorventes de infravermelho e raios UV. Com isso, se tornam potentes camadas protetoras para os vidros.<\/p>\n<p>A tecnologia de produ\u00e7\u00e3o e instala\u00e7\u00e3o de pel\u00edculas \u00e9 t\u00e3o desenvolvida que elas conseguem bloquear em at\u00e9 99% a entrada de raios ultravioleta. Isso, claro, depende da qualidade da pel\u00edcula e da marca que a oferece.<\/p>\n<p><strong>Quais s\u00e3o os tipos de pel\u00edculas para vidros?<\/strong><\/p>\n<p>Podemos dividir as pel\u00edculas para vidros em tr\u00eas grupos principais: as residenciais, as prediais e as automotivas.<\/p>\n<p>As prediais, como o nome j\u00e1 diz, s\u00e3o aquelas pensadas para a aplica\u00e7\u00e3o em pr\u00e9dios e edif\u00edcios comerciais ou residenciais. Tanto pela altura quanto pela exposi\u00e7\u00e3o direta ao sol, essas pel\u00edculas s\u00e3o bem resistentes. Dentro desse grupo de pel\u00edculas, voc\u00ea pode optar pelas transparentes, espelhadas ou pigmentadas (com cores e tons diferentes).<\/p>\n<p>J\u00e1 as residenciais s\u00e3o pel\u00edculas para exteriores ou interiores de casas ou outros tipos de im\u00f3veis. Elas s\u00e3o oferecidas em diferentes cores, composi\u00e7\u00f5es e graus de transpar\u00eancia. Para escolher, pense em qual \u00e9 a sua demanda e, claro, nas caracter\u00edsticas que voc\u00ea quer dar ao seu espa\u00e7o.<\/p>\n<p>Por fim, est\u00e3o as pel\u00edculas automotivas, pensadas especificamente para os vidros dos ve\u00edculos e para atender \u00e0s normas de tr\u00e2nsito que regem essa aplica\u00e7\u00e3o. Al\u00e9m do controle de calor e raios UV, elas aumentam a resist\u00eancia do vidro, sendo uma importante prote\u00e7\u00e3o contra estilha\u00e7os em casos de batidas.<\/p>\n<p><strong>E as vantagens da instala\u00e7\u00e3o de pel\u00edculas, quais s\u00e3o? <\/strong><\/p>\n<p>At\u00e9 aqui, j\u00e1 citamos, superficialmente, algumas vantagens da aplica\u00e7\u00e3o das pel\u00edculas. Se voc\u00ea ainda est\u00e1 indeciso quanto instalar ou n\u00e3o esses Insulfilm em sua casa, carro ou im\u00f3vel comercial, veja alguns dos porqu\u00eas dessa <a href=\"https:\/\/hcontrolfilm.com.br\/novo\/peliculas-de-reducao-de-calor-viram-febre-no-rio-de-janeiro\/\">febre das pel\u00edculas no Rio de Janeiro<\/a> e em todo o pa\u00eds:<\/p>\n<p><strong><em>&#8211; Equilibram a temperatura do ambiente<\/em><\/strong><\/p>\n<p>Ao controlar a entrada de calor de forma significativa, os insulfilm equilibram a temperatura interna do ambiente, o que reduz (ou at\u00e9 elimina) a necessidade do uso de ar-condicionado e ventiladores.<\/p>\n<p><strong><em>&#8211; Protegem contra doen\u00e7as de pele<\/em><\/strong><\/p>\n<p>A exposi\u00e7\u00e3o aos raios UV \u00e9 um dos causadores de doen\u00e7as de pele, como o c\u00e2ncer de pele, que \u00e9 o tipo mais comum no Brasil. Ao bloquear a entrada desses raios em at\u00e9 99%, o Insulfilm aplicado em vidros \u00e9 uma prote\u00e7\u00e3o extra para a sa\u00fade das pessoas.<\/p>\n<p><strong><em>&#8211; Conservam m\u00f3veis, tapetes, pain\u00e9is e eletr\u00f4nicos<\/em><\/strong><\/p>\n<p>O desgaste natural de m\u00f3veis, tapetes, eletr\u00f4nicos e pain\u00e9is de autom\u00f3veis \u00e9 velozmente acelerado quando h\u00e1 exposi\u00e7\u00e3o \u00e0 luz solar. A instala\u00e7\u00e3o de pel\u00edculas nos vidros aumenta o tempo de vida \u00fatil desses objetos, evitando danos parciais e totais.<\/p>\n<p><strong><em>&#8211; Aumentam a privacidade<\/em><\/strong><\/p>\n<p>Seja pelo efeito fum\u00ea \/ blackout, seja por funcionarem como espelhos, as pel\u00edculas para vidros tamb\u00e9m s\u00e3o importantes aliadas de quem quer ter mais privacidade em um determinado espa\u00e7o. Elas impedem que as pessoas que est\u00e3o no exterior vejam o que acontece no ambiente, sem necessariamente interferir na vista de quem est\u00e1 no interior.<\/p>\n<p><strong><em>&#8211; Reduzem os riscos de estilha\u00e7os e quebras <\/em><\/strong><\/p>\n<p>Tanto para autom\u00f3veis quanto para vidros mais propensos a quebras (como de academias ou lugares p\u00fablicos, por exemplo), ter um aumento na resist\u00eancia \u00e9 um fator que faz muita diferen\u00e7a. As pel\u00edculas conseguem esse efeito e fazem com que os vidros se tornem muito mais resistentes.<\/p>\n<p>&nbsp;<\/p>\n<p>No Rio de Janeiro e regi\u00e3o, somos refer\u00eancia na <a href=\"https:\/\/hcontrolfilm.com.br\/novo\/pelicula-calor-recreio\/\">instala\u00e7\u00e3o de pel\u00edculas<\/a> em casas, academias, escrit\u00f3rios, guaritas, bancos, ve\u00edculos e outros espa\u00e7os. Para conhecer nosso cat\u00e1logo de pel\u00edculas de controle solar, entre em contato e solicite um or\u00e7amento!<\/p>\n","protected":false},"excerpt":{"rendered":"<p>A procura por servi\u00e7os de instala\u00e7\u00e3o de pel\u00edculas de redu\u00e7\u00e3o de calor disparou no Rio de Janeiro, especialmente nas esta\u00e7\u00f5es mais quentes do ano. Se voc\u00ea chegou at\u00e9 aqui, \u00e9 porque tamb\u00e9m tem interesse em instalar essas pel\u00edculas nos vidros da sua casa, com\u00e9rcio ou at\u00e9 mesmo autom\u00f3vel, certo? Bem, ent\u00e3o confira mais sobre essas &hellip;<\/p>\n<p class=\"read-more\"> <a class=\"\" href=\"https:\/\/hcontrolfilm.com.br\/novo\/peliculas-de-reducao-de-calor-entenda-por-que-elas-viraram-febre-no-rio\/\"> <span class=\"screen-reader-text\">Pel\u00edculas de redu\u00e7\u00e3o de calor: entenda por que elas viraram febre no Rio!<\/span> Read More &raquo;<\/a><\/p>\n","protected":false},"author":4,"featured_media":3207,"comment_status":"closed","ping_status":"closed","sticky":false,"template":"","format":"standard","meta":{"site-sidebar-layout":"default","site-content-layout":"default","ast-global-header-display":"","ast-main-header-display":"","ast-hfb-above-header-display":"","ast-hfb-below-header-display":"","ast-hfb-mobile-header-display":"","site-post-title":"","ast-breadcrumbs-content":"","ast-featured-img":"","footer-sml-layout":"","theme-transparent-header-meta":"","adv-header-id-meta":"","stick-header-meta":"","header-above-stick-meta":"","header-main-stick-meta":"","header-below-stick-meta":"","footnotes":""},"categories":[72],"tags":[],"class_list":["post-3392","post","type-post","status-publish","format-standard","has-post-thumbnail","hentry","category-pelicula-anti-calor"],"_links":{"self":[{"href":"https:\/\/hcontrolfilm.com.br\/novo\/wp-json\/wp\/v2\/posts\/3392","targetHints":{"allow":["GET"]}}],"collection":[{"href":"https:\/\/hcontrolfilm.com.br\/novo\/wp-json\/wp\/v2\/posts"}],"about":[{"href":"https:\/\/hcontrolfilm.com.br\/novo\/wp-json\/wp\/v2\/types\/post"}],"author":[{"embeddable":true,"href":"https:\/\/hcontrolfilm.com.br\/novo\/wp-json\/wp\/v2\/users\/4"}],"replies":[{"embeddable":true,"href":"https:\/\/hcontrolfilm.com.br\/novo\/wp-json\/wp\/v2\/comments?post=3392"}],"version-history":[{"count":0,"href":"https:\/\/hcontrolfilm.com.br\/novo\/wp-json\/wp\/v2\/posts\/3392\/revisions"}],"wp:featuredmedia":[{"embeddable":true,"href":"https:\/\/hcontrolfilm.com.br\/novo\/wp-json\/"}],"wp:attachment":[{"href":"https:\/\/hcontrolfilm.com.br\/novo\/wp-json\/wp\/v2\/media?parent=3392"}],"wp:term":[{"taxonomy":"category","embeddable":true,"href":"https:\/\/hcontrolfilm.com.br\/novo\/wp-json\/wp\/v2\/categories?post=3392"},{"taxonomy":"post_tag","embeddable":true,"href":"https:\/\/hcontrolfilm.com.br\/novo\/wp-json\/wp\/v2\/tags?post=3392"}],"curies":[{"name":"wp","href":"https:\/\/api.w.org\/{rel}","templated":true}]}}