{"id":2455,"date":"2019-03-20T19:51:33","date_gmt":"2019-03-20T19:51:33","guid":{"rendered":"https:\/\/hcontrolfilm.com.br\/novo\/pelicula-tetos-vidro\/"},"modified":"2019-03-20T19:51:33","modified_gmt":"2019-03-20T19:51:33","slug":"pelicula-tetos-vidro","status":"publish","type":"post","link":"https:\/\/hcontrolfilm.com.br\/novo\/pelicula-tetos-vidro\/","title":{"rendered":"Pel\u00edcula para tetos de vidro \u2013 Tipos, pre\u00e7os e caracter\u00edsticas"},"content":{"rendered":"<p>Quando pensamos em projetos arquitet\u00f4nicos, algumas tend\u00eancias parecem se manter no topo, mesmo que passem os anos e mudem as prefer\u00eancias das pessoas. Uma dessas tend\u00eancias que n\u00e3o saem de moda \u2013 e se adaptam bem aos mais diversos ambientes \u2013 \u00e9 o uso de teto de vidro.<\/p>\n<p>Tetos de vidros t\u00eam in\u00fameras vantagens, tanto est\u00e9ticas quanto em rela\u00e7\u00e3o a outras fun\u00e7\u00f5es, como aumentar a luminosidade do espa\u00e7o e diminuir gastos com eletricidade. No entanto, para lograr o efeito desejado sem colocar em risco os m\u00f3veis e objetos internos, e nem mesmo a sa\u00fade das pessoas que vivem ou trabalham nesses espa\u00e7os, opta-se pelas pel\u00edculas.<\/p>\n<p>Voc\u00ea sabe como funcionam as pel\u00edculas para tetos de vidros? Conhece os tipos de insulfilm para esse material? Fique por dentro de todas as informa\u00e7\u00f5es neste artigo e tire as suas d\u00favidas sobre o assunto. Vamos l\u00e1?<\/p>\n<p><strong>Por que instalar pel\u00edculas em tetos de vidro?<\/strong><\/p>\n<p>Quando imaginamos o projeto arquitet\u00f4nico ideal para a nossa casa ou escrit\u00f3rio (ou outro tipo de im\u00f3vel), queremos o melhor para a nossa fam\u00edlia e para todas as pessoas que frequentarem esse ambiente, n\u00e3o \u00e9?<\/p>\n<p>Por essa raz\u00e3o, passamos muito tempo pensando nos aspectos est\u00e9ticos, criando designs que representam as nossas prefer\u00eancias e consigam nos proporcionar um lugar que atenda \u00e0s expectativas (que costumam ser altas).<\/p>\n<p>Para que um ambiente consiga, de fato, realizar todos esses desejos, \u00e9 indispens\u00e1vel que tr\u00eas fatores estejam presentes: o conforto, a beleza e a seguran\u00e7a. Pensando nisso, as <a href=\"https:\/\/hcontrolfilm.com.br\/novo\/pelicula-em-fachada-de-vidro\/\">pel\u00edculas s\u00e3o ideais para implementar projetos com tetos de vidros<\/a>, possibilitando que eles sejam, de fato, seguros, confort\u00e1veis e bonitos.<\/p>\n<p>S\u00f3 assim, com o equil\u00edbrio entre esses tr\u00eas determinantes fatores, ser\u00e1 poss\u00edvel concluir o projeto de forma satisfat\u00f3ria, que agrade \u2013 a curto e a longo prazo \u2013 a todos os que frequentam esse ambiente.<\/p>\n<p>Como as pel\u00edculas influenciam na seguran\u00e7a, na beleza e no conforto de um ambiente com teto de vidro? Bem, as pel\u00edculas propiciam tudo isso gra\u00e7as a tr\u00eas vantagens principais que oferecem. Vejamos quais s\u00e3o elas:<\/p>\n<p><strong>&#8211; Equil\u00edbrio t\u00e9rmico<\/strong><\/p>\n<p>Um dos principais receios de quem est\u00e1 na d\u00favida sobre optar ou n\u00e3o por tetos de vidro \u00e9 quanto \u00e0 temperatura. Os vidros, quando est\u00e3o sem a instala\u00e7\u00e3o de pel\u00edculas, acabam proporcionando um ambiente com pouco conforto t\u00e9rmico, j\u00e1 que as temperaturas no interior do ambiente costumam subir.<\/p>\n<p>O que as pel\u00edculas fazem? Elas conseguem reter a entrada desse calor, sem interferir na luminosidade do espa\u00e7o. Com isso, o efeito luminoso buscado pelas pessoas que querem ter teto de vidro em seus im\u00f3veis n\u00e3o se perde e, ainda, ganha-se a vantagem de n\u00e3o sofrer com aumentos de temperaturas, principalmente em determinadas horas do dia.<\/p>\n<p>Sendo assim, o uso de alguns aparatos eletr\u00f4nicos, como ventiladores e ar-condicionado, acaba sendo menor.<\/p>\n<p><strong>&#8211; Prote\u00e7\u00e3o contra raios UV<\/strong><\/p>\n<p>Se o desequil\u00edbrio t\u00e9rmico j\u00e1 preocupa, a exposi\u00e7\u00e3o aos raios solares requer uma aten\u00e7\u00e3o ainda maior. Os tetos de vidro n\u00e3o oferecem seguran\u00e7a suficiente quanto \u00e0 exposi\u00e7\u00e3o de raios UV.<\/p>\n<p>Sabendo que essa exposi\u00e7\u00e3o pode causar s\u00e9rios problemas de sa\u00fade, \u00e9 indispens\u00e1vel saber tamb\u00e9m que as pel\u00edculas conseguem diminuir consideravelmente a entrada dos raios UV, oferecendo um ambiente claro, fresco e, sobretudo, seguro.<\/p>\n<p>Al\u00e9m de tudo isso, as pel\u00edculas tamb\u00e9m atuam nos cuidados com m\u00f3veis e objetos decorativos, como quadros e tapetes, j\u00e1 que a exposi\u00e7\u00e3o aos raios solares pode degradar esses objetos.<\/p>\n<p><strong>&#8211; Privacidade e efeito est\u00e9tico<\/strong><\/p>\n<p>Dependendo do modelo de pel\u00edcula escolhido para o teto de vidro, pode-se conseguir diferentes efeitos est\u00e9ticos e zelar pela privacidade no interior do ambiente.<\/p>\n<p>Muitas vezes, as pel\u00edculas s\u00e3o parte do planejamento arquitet\u00f4nico e desempenham uma fun\u00e7\u00e3o est\u00e9tica bem definida, gerando um efeito desejado pelo propriet\u00e1rio em rela\u00e7\u00e3o ao uso do seu espa\u00e7o: seja pessoal ou mesmo para fins comerciais, como em escrit\u00f3rios ou ag\u00eancias, por exemplo.<\/p>\n<p>Ou seja: as pel\u00edculas comp\u00f5em a est\u00e9tica do espa\u00e7o, dando um efeito desejado pelo cliente.<\/p>\n<p><strong>Como s\u00e3o feitas as pel\u00edculas para tetos de vidro?<\/strong><\/p>\n<p>As pel\u00edculas para vidro, embora relativamente finas, s\u00e3o produzidas com tecnologias modernas e altamente eficazes. Os tipos de pel\u00edculas para teto podem variar de modelo a modelo, mas, geralmente, s\u00e3o produzidas com filmes de poli\u00e9ster com qualidade \u00f3ptica. Esses filmes s\u00e3o tratados, revestidos e laminados. A metaliza\u00e7\u00e3o \u00e9 feita a v\u00e1cuo e h\u00e1 pigmenta\u00e7\u00e3o.<\/p>\n<p>As <a href=\"https:\/\/hcontrolfilm.com.br\/novo\/pelicula-para-janela-varanda-fachada-e-teto-de-vidro\/\">pel\u00edculas para tetos de vidros<\/a> precisam ser muito resistentes, por isso, podem ser feitas com adesivos especiais somados a revestimentos resistentes a arranh\u00f5es e outras intemp\u00e9ries que podem acontecer eventualmente no ambiente.<\/p>\n<p><strong>Como e onde contratar um servi\u00e7o de aplica\u00e7\u00e3o de pel\u00edculas para tetos de vidro?<\/strong><\/p>\n<p>Os efeitos da instala\u00e7\u00e3o de pel\u00edculas em tetos de vidro dependem de alguns fatores, como a efic\u00e1cia na hora de aplicar as pel\u00edculas e a marca escolhida para prestar esse servi\u00e7o.<\/p>\n<p>A aplica\u00e7\u00e3o \u00e9 determinante tamb\u00e9m na vida \u00fatil dessas pel\u00edculas: quanto mais s\u00e9rio \u00e9 o servi\u00e7o de instala\u00e7\u00e3o (e melhores as tecnologias utilizadas na fabrica\u00e7\u00e3o da pel\u00edcula), maior ser\u00e1 a sua vida \u00fatil.<\/p>\n<p>A Suntek, que \u00e9 uma das refer\u00eancias mundiais na produ\u00e7\u00e3o e aplica\u00e7\u00e3o de pel\u00edculas. Considerada a mais completa do segmento, tamb\u00e9m atua na aplica\u00e7\u00e3o de pel\u00edculas em tetos de vidros, pensando nas especificidades desse tipo de servi\u00e7o e produto.<\/p>\n<p>Os pre\u00e7os variam de acordo \u00e0s caracter\u00edsticas do local e aos desejos do cliente, dependendo do tipo de efeito pretendido ao instalar essas pel\u00edculas para tetos de vidro.<\/p>\n<p>Se voc\u00ea precisa instalar pel\u00edculas no teto de vidro da sua casa ou escrit\u00f3rio, pe\u00e7a um or\u00e7amento de instala\u00e7\u00e3o hoje mesmo! Caso tenha alguma d\u00favida sobre como funcionam essas pel\u00edculas, quais as tecnologias utilizadas, tempo para aplica\u00e7\u00e3o e qualquer outro tema, fale com a gente. Ficaremos felizes em solucionar suas d\u00favidas!<\/p>\n<p>&nbsp;<\/p>\n","protected":false},"excerpt":{"rendered":"<p>Quando pensamos em projetos arquitet\u00f4nicos, algumas tend\u00eancias parecem se manter no topo, mesmo que passem os anos e mudem as prefer\u00eancias das pessoas. Uma dessas tend\u00eancias que n\u00e3o saem de moda \u2013 e se adaptam bem aos mais diversos ambientes \u2013 \u00e9 o uso de teto de vidro. Tetos de vidros t\u00eam in\u00fameras vantagens, tanto &hellip;<\/p>\n<p class=\"read-more\"> <a class=\"\" href=\"https:\/\/hcontrolfilm.com.br\/novo\/pelicula-tetos-vidro\/\"> <span class=\"screen-reader-text\">Pel\u00edcula para tetos de vidro \u2013 Tipos, pre\u00e7os e caracter\u00edsticas<\/span> Read More &raquo;<\/a><\/p>\n","protected":false},"author":4,"featured_media":2161,"comment_status":"closed","ping_status":"closed","sticky":false,"template":"","format":"standard","meta":{"site-sidebar-layout":"default","site-content-layout":"default","ast-global-header-display":"","ast-main-header-display":"","ast-hfb-above-header-display":"","ast-hfb-below-header-display":"","ast-hfb-mobile-header-display":"","site-post-title":"","ast-breadcrumbs-content":"","ast-featured-img":"","footer-sml-layout":"","theme-transparent-header-meta":"","adv-header-id-meta":"","stick-header-meta":"","header-above-stick-meta":"","header-main-stick-meta":"","header-below-stick-meta":"","footnotes":""},"categories":[72],"tags":[496,497,498],"class_list":["post-2455","post","type-post","status-publish","format-standard","has-post-thumbnail","hentry","category-pelicula-anti-calor","tag-insulfilm-teto-de-vidro","tag-pelicula-para-arquitetura","tag-pelicula-para-teto-de-vidro"],"_links":{"self":[{"href":"https:\/\/hcontrolfilm.com.br\/novo\/wp-json\/wp\/v2\/posts\/2455","targetHints":{"allow":["GET"]}}],"collection":[{"href":"https:\/\/hcontrolfilm.com.br\/novo\/wp-json\/wp\/v2\/posts"}],"about":[{"href":"https:\/\/hcontrolfilm.com.br\/novo\/wp-json\/wp\/v2\/types\/post"}],"author":[{"embeddable":true,"href":"https:\/\/hcontrolfilm.com.br\/novo\/wp-json\/wp\/v2\/users\/4"}],"replies":[{"embeddable":true,"href":"https:\/\/hcontrolfilm.com.br\/novo\/wp-json\/wp\/v2\/comments?post=2455"}],"version-history":[{"count":0,"href":"https:\/\/hcontrolfilm.com.br\/novo\/wp-json\/wp\/v2\/posts\/2455\/revisions"}],"wp:featuredmedia":[{"embeddable":true,"href":"https:\/\/hcontrolfilm.com.br\/novo\/wp-json\/"}],"wp:attachment":[{"href":"https:\/\/hcontrolfilm.com.br\/novo\/wp-json\/wp\/v2\/media?parent=2455"}],"wp:term":[{"taxonomy":"category","embeddable":true,"href":"https:\/\/hcontrolfilm.com.br\/novo\/wp-json\/wp\/v2\/categories?post=2455"},{"taxonomy":"post_tag","embeddable":true,"href":"https:\/\/hcontrolfilm.com.br\/novo\/wp-json\/wp\/v2\/tags?post=2455"}],"curies":[{"name":"wp","href":"https:\/\/api.w.org\/{rel}","templated":true}]}}