{"id":2232,"date":"2018-11-04T14:58:08","date_gmt":"2018-11-04T14:58:08","guid":{"rendered":"https:\/\/hcontrolfilm.com.br\/novo\/pelicula-e-a-solucao-ideal-para-protecao-de-moveis-contra-luz-solar\/"},"modified":"2018-11-04T14:58:08","modified_gmt":"2018-11-04T14:58:08","slug":"pelicula-e-a-solucao-ideal-para-protecao-de-moveis-contra-luz-solar","status":"publish","type":"post","link":"https:\/\/hcontrolfilm.com.br\/novo\/pelicula-e-a-solucao-ideal-para-protecao-de-moveis-contra-luz-solar\/","title":{"rendered":"Pel\u00edcula \u00e9 a solu\u00e7\u00e3o ideal para prote\u00e7\u00e3o de m\u00f3veis contra luz solar"},"content":{"rendered":"<p>Se tem uma coisa que a maioria das pessoas gosta \u00e9 de um belo dia de sol. Daqueles em que voc\u00ea olha para cima e n\u00e3o v\u00ea uma nuvem sequer em um c\u00e9u t\u00e3o azul cintilante que brilha em nossos olhos.<\/p>\n<p>Dias em que tomar banho de mangueira \u00e9 sin\u00f4nimo de divers\u00e3o, felicidade e refresc\u00e2ncia.<\/p>\n<p>Dias assim s\u00e3o ideais para uma boa pr\u00e1tica esportiva pela manh\u00e3. Dia para levar a fam\u00edlia ao parque, e enquanto seus filhos brincam voc\u00ea descansa uns quinze minutinhos debaixo do sol. De quebra recebe de presente da natureza, a vitamina D \u2015 essencial para os ossos e aumento da imunidade.<\/p>\n<p>Na volta pra casa a parada na sorveteria com a molecada \u00e9 lei! Pois \u00e9, parece a descri\u00e7\u00e3o de um dia perfeito. Mas?<\/p>\n<h1 data-fontsize=\"34\" data-lineheight=\"47\">M\u00f3veis danificados<\/h1>\n<p>Quando voc\u00ea volta pra casa e se esparrama naquele seu sof\u00e1 predileto percebe uma coisa diferente. \u201cU\u00e9, parece que ele est\u00e1 mais claro? Estranho!\u201d, voc\u00ea pensa.<\/p>\n<p>Ent\u00e3o voc\u00ea verifica e detecta que o tecido do estofado est\u00e1 danificado e acaba rasgando em suas m\u00e3os. O que ser\u00e1 que aconteceu? Ent\u00e3o voc\u00ea percebe que seu sof\u00e1 est\u00e1 posicionado bem de frente com a <a href=\"https:\/\/hcontrolfilm.com.br\/novo\/pelicula-para-janela-de-vidro\/\">janela de vidro<\/a> da casa.<\/p>\n<p>Para piorar, voc\u00ea percebe que n\u00e3o \u00e9 s\u00f3 o sof\u00e1 o prejudicado, o painel de madeira est\u00e1 envergado e os tapetes e almofadas com manchas. Aquele mesmo Sol que te fez ter um dia t\u00e3o feliz agora \u00e9 o causador do estrago em toda sua sala.<\/p>\n<p>Dramas assim podem acontecer em resid\u00eancias em que a luz solar \u00e9 bastante presente. E com a correria do dia a dia voc\u00ea pode nem perceber que seus m\u00f3veis est\u00e3o ficando praticamente o dia todo expostos ao sol.<\/p>\n<p>Este assunto tem chamado cada vez mais aten\u00e7\u00e3o, inclusive da m\u00eddia que sempre elabora reportagens abordando o problema. Essa\u00a0<a href=\"https:\/\/www.terra.com.br\/vida-e-estilo\/casa-e-decoracao\/entenda-como-a-luz-do-sol-pode-acabar-com-a-decoracao,b5c86ee9f9e27310VgnCLD100000bbcceb0aRCRD.html\" target=\"_blank\" rel=\"noopener\">mat\u00e9ria do \u201cPortal Terra\u201d<\/a>\u00a0alerta como a luz solar pode danificar m\u00f3veis, eletrodom\u00e9sticos e eletr\u00f4nicos, itens de madeira e at\u00e9 o piso.<\/p>\n<h1 data-fontsize=\"34\" data-lineheight=\"47\">A solu\u00e7\u00e3o<\/h1>\n<p>Calma! N\u00e3o precisa ficar em p\u00e2nico e sair tapando as entradas da luz solar para a coisa n\u00e3o piorar. H\u00e1 v\u00e1rias maneiras que voc\u00ea pode aplicar quando essa situa\u00e7\u00e3o acontecer.<\/p>\n<p>Uma \u00f3tima op\u00e7\u00e3o \u00e9 a coloca\u00e7\u00e3o de uma boa pel\u00edcula protetora nos seus vidros. Al\u00e9m de voc\u00ea e seus m\u00f3veis estarem protegidos, a coloca\u00e7\u00e3o de uma pel\u00edcula protetora vai agregar valor e est\u00e9tica ao seu im\u00f3vel.<\/p>\n<h3 data-fontsize=\"20\" data-lineheight=\"29\"><i>Como fazer<\/i><\/h3>\n<p>Para que a coloca\u00e7\u00e3o de uma pel\u00edcula protetora seja eficaz e voc\u00ea n\u00e3o gaste dinheiro \u00e0 toa, a escolha de uma marca renomada no mercado \u00e9 fundamental.<\/p>\n<p>N\u00e3o coloque o pre\u00e7o do produto como principal forma de selecionar a pel\u00edcula. Lembre-se do famoso ditado: \u201cO barato pode sair caro\u201d. Ent\u00e3o \u00e9 melhor n\u00e3o correr riscos e investir no certo e n\u00e3o no duvidoso.<\/p>\n<p>No tocante \u00e0 capacidade funcional das pel\u00edculas protetoras, O produto evita a passagem de 99% dos raios ultravioleta\u00a0e s\u00e3o Certificadas pelo Skin Cancer Foundation como uma excelente ferramenta para evitar o c\u00e2ncer de pele.\u00a0Esse detalhe \u00e9 muito importante n\u00e3o s\u00f3 para conserva\u00e7\u00e3o dos seus m\u00f3veis mas tamb\u00e9m para sua sa\u00fade.<\/p>\n<p>A super exposi\u00e7\u00e3o \u00e0 luz solar causa v\u00e1rias doen\u00e7as como urtic\u00e1rias, lupus, vitiligo e at\u00e9 c\u00e2ncer de pele que segundo o\u00a0<a href=\"http:\/\/www2.inca.gov.br\/wps\/wcm\/connect\/tiposdecancer\/site\/home\/pele_nao_melanoma\" target=\"_blank\" rel=\"noopener\">Inca \u2013 Instituto Nacional do C\u00e2ncer<\/a>, \u00e9 o que mais atinge a popula\u00e7\u00e3o brasileira.<\/p>\n<p>&nbsp;<\/p>\n<h3 data-fontsize=\"20\" data-lineheight=\"29\"><i>Controle da temperatura<\/i><\/h3>\n<p>A alta temperatura do ambiente, al\u00e9m de tornar o local desagrad\u00e1vel de se ficar, pode super aquecer eletroeletr\u00f4nicos de alto valor, como televisores, aparelhos de som e computadores.<\/p>\n<p>Em casos mais graves pode causar um curto circuito e provocar um inc\u00eandio. Com a coloca\u00e7\u00e3o de uma pel\u00edcula protetora a possibilidade destas coisas acontecerem \u00e9 praticamente zero.<\/p>\n<p>Uma pel\u00edcula da Suntek, por exemplo, reduz em at\u00e9 99,9% os raios UV e melhora muito o conforto t\u00e9rmico no ambiente.<\/p>\n","protected":false},"excerpt":{"rendered":"<p>Se tem uma coisa que a maioria das pessoas gosta \u00e9 de um belo dia de sol. Daqueles em que voc\u00ea olha para cima e n\u00e3o v\u00ea uma nuvem sequer em um c\u00e9u t\u00e3o azul cintilante que brilha em nossos olhos. Dias em que tomar banho de mangueira \u00e9 sin\u00f4nimo de divers\u00e3o, felicidade e refresc\u00e2ncia. &hellip;<\/p>\n<p class=\"read-more\"> <a class=\"\" href=\"https:\/\/hcontrolfilm.com.br\/novo\/pelicula-e-a-solucao-ideal-para-protecao-de-moveis-contra-luz-solar\/\"> <span class=\"screen-reader-text\">Pel\u00edcula \u00e9 a solu\u00e7\u00e3o ideal para prote\u00e7\u00e3o de m\u00f3veis contra luz solar<\/span> Read More &raquo;<\/a><\/p>\n","protected":false},"author":4,"featured_media":0,"comment_status":"open","ping_status":"open","sticky":false,"template":"","format":"standard","meta":{"site-sidebar-layout":"default","site-content-layout":"default","ast-global-header-display":"","ast-main-header-display":"","ast-hfb-above-header-display":"","ast-hfb-below-header-display":"","ast-hfb-mobile-header-display":"","site-post-title":"","ast-breadcrumbs-content":"","ast-featured-img":"","footer-sml-layout":"","theme-transparent-header-meta":"","adv-header-id-meta":"","stick-header-meta":"","header-above-stick-meta":"","header-main-stick-meta":"","header-below-stick-meta":"","footnotes":""},"categories":[479],"tags":[],"class_list":["post-2232","post","type-post","status-publish","format-standard","hentry","category-pelicula-de-reducao-de-calor"],"_links":{"self":[{"href":"https:\/\/hcontrolfilm.com.br\/novo\/wp-json\/wp\/v2\/posts\/2232","targetHints":{"allow":["GET"]}}],"collection":[{"href":"https:\/\/hcontrolfilm.com.br\/novo\/wp-json\/wp\/v2\/posts"}],"about":[{"href":"https:\/\/hcontrolfilm.com.br\/novo\/wp-json\/wp\/v2\/types\/post"}],"author":[{"embeddable":true,"href":"https:\/\/hcontrolfilm.com.br\/novo\/wp-json\/wp\/v2\/users\/4"}],"replies":[{"embeddable":true,"href":"https:\/\/hcontrolfilm.com.br\/novo\/wp-json\/wp\/v2\/comments?post=2232"}],"version-history":[{"count":0,"href":"https:\/\/hcontrolfilm.com.br\/novo\/wp-json\/wp\/v2\/posts\/2232\/revisions"}],"wp:attachment":[{"href":"https:\/\/hcontrolfilm.com.br\/novo\/wp-json\/wp\/v2\/media?parent=2232"}],"wp:term":[{"taxonomy":"category","embeddable":true,"href":"https:\/\/hcontrolfilm.com.br\/novo\/wp-json\/wp\/v2\/categories?post=2232"},{"taxonomy":"post_tag","embeddable":true,"href":"https:\/\/hcontrolfilm.com.br\/novo\/wp-json\/wp\/v2\/tags?post=2232"}],"curies":[{"name":"wp","href":"https:\/\/api.w.org\/{rel}","templated":true}]}}