{"id":2013,"date":"2018-08-12T19:17:20","date_gmt":"2018-08-12T19:17:20","guid":{"rendered":"https:\/\/hcontrolfilm.com.br\/novo\/peliculas-vidro-reduzem-calor\/"},"modified":"2018-08-12T19:17:20","modified_gmt":"2018-08-12T19:17:20","slug":"peliculas-vidro-reduzem-calor","status":"publish","type":"post","link":"https:\/\/hcontrolfilm.com.br\/novo\/peliculas-vidro-reduzem-calor\/","title":{"rendered":"Pel\u00edculas de vidro reduzem calor ambiente e se destacam por op\u00e7\u00f5es decorativas"},"content":{"rendered":"<p>\u00c9 cada dia mais comum encontrar casas e apartamentos com grandes fachadas de vidro, que possibilitam melhor ilumina\u00e7\u00e3o, privilegiam a vista e podem contribuir para a redu\u00e7\u00e3o do consumo\u00a0da energia el\u00e9trica. A luz do sol proporciona bem-estar e conforto, no entanto, a exposi\u00e7\u00e3o excessiva pode representar problemas de sa\u00fade e preju\u00edzo material. Em casa, por exemplo, m\u00f3veis, pisos, tapetes e quadros podem ser danificados. Na maioria dos casos, as cortinas s\u00e3o as mais utilizadas para barrar a entrada de raios solares, por\u00e9m alguns inconvenientes persistem, entre eles, o calor e os efeitos nocivos dos raios UV\u2019s em nossa pele.<\/p>\n<div class=\"ast-oembed-container\" style=\"height: 100%;\"><iframe title=\"Pel\u00edcula Predial  - Redu\u00e7\u00e3o de Calor\" width=\"500\" height=\"281\" src=\"https:\/\/www.youtube.com\/embed\/yuZovFoumnY?feature=oembed\" frameborder=\"0\" allow=\"accelerometer; autoplay; clipboard-write; encrypted-media; gyroscope; picture-in-picture; web-share\" referrerpolicy=\"strict-origin-when-cross-origin\" allowfullscreen><\/iframe><\/div>\n<p>&nbsp;<\/p>\n<p>Uma solu\u00e7\u00e3o moderna para estes casos s\u00e3o as pel\u00edculas para vidro Suntek, que ajudam a diminuir n\u00e3o apenas o calor, mas os efeitos prejudiciais\u00a0causados pela superexposi\u00e7\u00e3o ao sol. \u201cAs cortinas barram apenas a claridade e n\u00e3o os raios solares, isso fica comprovado pela menor dura\u00e7\u00e3o do tecido, que frequentemente \u00e9 exposto ao sol. Em im\u00f3veis com muita incid\u00eancia solar, seria preciso deixar a cortina fechada o tempo todo, o que, creio, gera um certo inc\u00f4modo\u201d, afirma Carolina Ferreira, Gerente de Vendas da LuxGlass, empresa especializada em <a href=\"https:\/\/hcontrolfilm.com.br\/novo\/pelicula-de-vidro-conheca-as-peliculas-para-vidros\/\">pel\u00edculas para vidro<\/a>.<\/p>\n<p>&nbsp;<\/p>\n<p>Por conter alto fator de prote\u00e7\u00e3o, cerca de FPS 1700+, as pel\u00edculas Suntek podem ser consideradas o protetor solar da casa. \u201cGeralmente os clientes procuram por esta pel\u00edcula devido ao grande conforto t\u00e9rmico que ela oferece, al\u00e9m da possibilidade de economizar energia. Se entra menos calor, utiliza-se menos o ar condicionado ou ventilador\u201d, pondera Carolina.<\/p>\n<p>&nbsp;<\/p>\n<p>Fabricadas com base em nanotecnologia, essas pel\u00edculas apresentam mais de 200 camadas, (enquanto as tradicionais giram entre sete e dez), s\u00e3o transparentes e t\u00eam espectro seletivas, ou seja, separam cada faixa do espectro solar, sendo assim mais eficientes. Ap\u00f3s testes, foi comprovada diferen\u00e7a de at\u00e9 19 graus depois de instalada a prote\u00e7\u00e3o nas janelas.\u00a0 Isso se deve ao fato do produto atuar de forma inteligente, absorvendo o calor e mantendo o vidro com a apar\u00eancia praticamente igual ao original. Al\u00e9m da vers\u00e3o \u201ctransparente\u201d, h\u00e1 ainda as pel\u00edculas escuras, geralmente instaladas em salas de televis\u00e3o, nos quais os raios solares podem ofuscar ou impedir a visualiza\u00e7\u00e3o da tela.<\/p>\n<p>&nbsp;<\/p>\n<p><strong>Decora\u00e7\u00e3o<\/strong><\/p>\n<p>As pel\u00edculas tamb\u00e9m levam vantagem quando o assunto \u00e9 decora\u00e7\u00e3o. Tradicionalmente utilizados, os vidros com serigrafia s\u00e3o mais caros que as pel\u00edculas decorativas, algo em torno de 40%. \u201c\u00c9 interessante destacar que a grande vantagem da pel\u00edcula \u00e9 a versatilidade. Se daqui cinco anos voc\u00ea se cansar do tipo de desenho no vidro, basta trocar a pel\u00edcula, op\u00e7\u00e3o que o vidro n\u00e3o oferece\u201d, ressalta Carolina. Ela explica ainda que h\u00e1 dezenas de op\u00e7\u00f5es de estampas oferecidas pela Suntek, que conta com garantia de dez anos.<\/p>\n","protected":false},"excerpt":{"rendered":"<p>\u00c9 cada dia mais comum encontrar casas e apartamentos com grandes fachadas de vidro, que possibilitam melhor ilumina\u00e7\u00e3o, privilegiam a vista e podem contribuir para a redu\u00e7\u00e3o do consumo\u00a0da energia el\u00e9trica. A luz do sol proporciona bem-estar e conforto, no entanto, a exposi\u00e7\u00e3o excessiva pode representar problemas de sa\u00fade e preju\u00edzo material. Em casa, por &hellip;<\/p>\n<p class=\"read-more\"> <a class=\"\" href=\"https:\/\/hcontrolfilm.com.br\/novo\/peliculas-vidro-reduzem-calor\/\"> <span class=\"screen-reader-text\">Pel\u00edculas de vidro reduzem calor ambiente e se destacam por op\u00e7\u00f5es decorativas<\/span> Read More &raquo;<\/a><\/p>\n","protected":false},"author":4,"featured_media":0,"comment_status":"open","ping_status":"open","sticky":false,"template":"","format":"standard","meta":{"site-sidebar-layout":"default","site-content-layout":"default","ast-global-header-display":"","ast-main-header-display":"","ast-hfb-above-header-display":"","ast-hfb-below-header-display":"","ast-hfb-mobile-header-display":"","site-post-title":"","ast-breadcrumbs-content":"","ast-featured-img":"","footer-sml-layout":"","theme-transparent-header-meta":"","adv-header-id-meta":"","stick-header-meta":"","header-above-stick-meta":"","header-main-stick-meta":"","header-below-stick-meta":"","footnotes":""},"categories":[479],"tags":[],"class_list":["post-2013","post","type-post","status-publish","format-standard","hentry","category-pelicula-de-reducao-de-calor"],"_links":{"self":[{"href":"https:\/\/hcontrolfilm.com.br\/novo\/wp-json\/wp\/v2\/posts\/2013","targetHints":{"allow":["GET"]}}],"collection":[{"href":"https:\/\/hcontrolfilm.com.br\/novo\/wp-json\/wp\/v2\/posts"}],"about":[{"href":"https:\/\/hcontrolfilm.com.br\/novo\/wp-json\/wp\/v2\/types\/post"}],"author":[{"embeddable":true,"href":"https:\/\/hcontrolfilm.com.br\/novo\/wp-json\/wp\/v2\/users\/4"}],"replies":[{"embeddable":true,"href":"https:\/\/hcontrolfilm.com.br\/novo\/wp-json\/wp\/v2\/comments?post=2013"}],"version-history":[{"count":0,"href":"https:\/\/hcontrolfilm.com.br\/novo\/wp-json\/wp\/v2\/posts\/2013\/revisions"}],"wp:attachment":[{"href":"https:\/\/hcontrolfilm.com.br\/novo\/wp-json\/wp\/v2\/media?parent=2013"}],"wp:term":[{"taxonomy":"category","embeddable":true,"href":"https:\/\/hcontrolfilm.com.br\/novo\/wp-json\/wp\/v2\/categories?post=2013"},{"taxonomy":"post_tag","embeddable":true,"href":"https:\/\/hcontrolfilm.com.br\/novo\/wp-json\/wp\/v2\/tags?post=2013"}],"curies":[{"name":"wp","href":"https:\/\/api.w.org\/{rel}","templated":true}]}}