{"id":1806,"date":"2018-05-21T23:13:45","date_gmt":"2018-05-21T23:13:45","guid":{"rendered":"https:\/\/hcontrolfilm.com.br\/novo\/peliculas-caracteristicas-precos-diferencas\/"},"modified":"2018-05-21T23:13:45","modified_gmt":"2018-05-21T23:13:45","slug":"peliculas-caracteristicas-precos-diferencas","status":"publish","type":"post","link":"https:\/\/hcontrolfilm.com.br\/novo\/peliculas-caracteristicas-precos-diferencas\/","title":{"rendered":"Pre\u00e7o do Insulfilm Pel\u00edculas: caracter\u00edsticas, pre\u00e7os e diferen\u00e7as"},"content":{"rendered":"<p><strong><a href=\"https:\/\/hcontrolfilm.com.br\/novo\/wp-content\/uploads\/2018\/05\/pelicula-automotiva-1.jpg\"><img fetchpriority=\"high\" decoding=\"async\" class=\"aligncenter wp-image-1808\" src=\"https:\/\/hcontrolfilm.com.br\/novo\/wp-content\/uploads\/2018\/05\/pelicula-automotiva-1.jpg\" alt=\"\" width=\"681\" height=\"454\"><\/a>&nbsp;<\/strong><\/p>\n<p><strong>BENEF\u00cdCIOS E CARACTER\u00cdSTICAS DAS PEL\u00cdCULAS RESIDENCIAIS E AUTOMOTIVAS<\/strong><\/p>\n<p><strong>&nbsp;<\/strong><\/p>\n<p><strong>1)&nbsp;&nbsp;&nbsp;&nbsp;&nbsp;&nbsp;As pel\u00edculas n\u00e3o s\u00e3o todas iguais? Por que temos diferen\u00e7as nos pre\u00e7os?<\/strong><\/p>\n<p>&nbsp;<\/p>\n<p>As pel\u00edculas diferenciam-se basicamente por tr\u00eas fatores:<\/p>\n<p>&nbsp;<\/p>\n<ol>\n<li>M\u00e9todo de fabrica\u00e7\u00e3o, insumos e tecnologia empregada;<\/li>\n<li>Desempenho t\u00e9cnico;<\/li>\n<li>Durabilidade;<\/li>\n<\/ol>\n<p>&nbsp;<\/p>\n<p>Varia\u00e7\u00f5es e combina\u00e7\u00f5es destes fatores influenciam diretamente no custo de produ\u00e7\u00e3o e por conseq\u00fc\u00eancia no seu pre\u00e7o, apesar de parecerem todas iguais.<\/p>\n<p>&nbsp;<\/p>\n<p>&nbsp;<\/p>\n<p><strong>2)&nbsp;&nbsp;&nbsp;&nbsp;&nbsp;&nbsp;Quais os benef\u00edcios da instala\u00e7\u00e3o de pel\u00edculas?<\/strong><\/p>\n<p><a href=\"https:\/\/hcontrolfilm.com.br\/novo\/wp-content\/uploads\/2018\/05\/pelicula-redu\u00e7\u00e3o-calor.jpg\"><img decoding=\"async\" class=\"aligncenter size-full wp-image-1809\" src=\"https:\/\/hcontrolfilm.com.br\/novo\/wp-content\/uploads\/2018\/05\/pelicula-redu\u00e7\u00e3o-calor.jpg\" alt=\"\" width=\"1000\" height=\"667\"><\/a><\/p>\n<p>&nbsp;<\/p>\n<ol>\n<li><strong> Redu\u00e7\u00e3o de Ultravioleta (UV):<\/strong><\/li>\n<\/ol>\n<p>&nbsp;<\/p>\n<p>Todos os produtos dispon\u00edveis na ePel\u00edcula, com exce\u00e7\u00e3o de alguns decorativos, reduzem de 95 a 99% dos raios Ultravioleta, principal respons\u00e1vel pelo c\u00e2ncer de pele, desbotamento, e deterioriza\u00e7\u00e3o de tecidos e objetos.<\/p>\n<p>&nbsp;<\/p>\n<p>&nbsp;<\/p>\n<ol>\n<li><strong> Redu\u00e7\u00e3o do Calor (Infravermelho):<\/strong><\/li>\n<\/ol>\n<p>&nbsp;<\/p>\n<p>Produtos com metaliza\u00e7\u00e3o na composi\u00e7\u00e3o, cer\u00e2micos e outras tecnologias s\u00e3o capazes de reduzir at\u00e9 99% da admiss\u00e3o direta de calor na faixa de 1.000 nan\u00f4metros do espectro eletromagn\u00e9tico solar.<\/p>\n<p><a href=\"https:\/\/hcontrolfilm.com.br\/novo\/wp-content\/uploads\/2018\/05\/pelicula-vidro-reducao-calor.jpg\"><img decoding=\"async\" class=\"aligncenter size-full wp-image-1810\" src=\"https:\/\/hcontrolfilm.com.br\/novo\/wp-content\/uploads\/2018\/05\/pelicula-vidro-reducao-calor.jpg\" alt=\"\" width=\"1000\" height=\"624\"><\/a><\/p>\n<p>&nbsp;<\/p>\n<ol>\n<li><strong> Redu\u00e7\u00e3o de gastos com energia el\u00e9trica:<\/strong><\/li>\n<\/ol>\n<p>&nbsp;<\/p>\n<p>Pel\u00edculas que reduzem o calor (infravermelho) contribuem substancialmente para redu\u00e7\u00f5es no consumo de energia el\u00e9trica, pois evitam que o calor entre no ambiente, exigindo menos do sistema de ar-condicionado. Caso a pel\u00edcula tenha uma boa transmiss\u00e3o de Luz, a necessidade de utiliza\u00e7\u00e3o de ilumina\u00e7\u00e3o artificial \u00e9 reduzida, da mesma forma impactando em menor consumo de energia.<\/p>\n<p>&nbsp;<\/p>\n<p>&nbsp;<\/p>\n<ol>\n<li><strong> Controle da Luz:<\/strong><\/li>\n<\/ol>\n<p>&nbsp;<\/p>\n<p>A pel\u00edcula controla a admiss\u00e3o de Luz Vis\u00edvel, faixa solar respons\u00e1vel por tudo que enxergamos. As Transmiss\u00f5es de Luz Vis\u00edvel das pel\u00edculas podem variar de quase 90% (transparente, sendo o mesmo percentual de um vidro transl\u00facido) a praticamente zero de transmiss\u00e3o de luz, neste caso indicadas para locais onde a Luz n\u00e3o deve entrar no ambiente.<\/p>\n<p>&nbsp;<\/p>\n<p>&nbsp;<\/p>\n<ol>\n<li><strong> Aumento de Resist\u00eancia contra impactos:<\/strong><\/li>\n<\/ol>\n<p>&nbsp;<\/p>\n<p>As Pel\u00edculas de Seguran\u00e7a s\u00e3o produtos espessos, alguns multi-laminados &#8211; com v\u00e1rias camadas em sua composi\u00e7\u00e3o &#8211; com adesivos espec\u00edficos que visam o aumento da resist\u00eancia dos vidros quando submetidos a impactos. Tamb\u00e9m rejeitam o Ultravioleta e podem possuir caracter\u00edsticas de controle de Luz e Calor.<\/p>\n<p>&nbsp;<\/p>\n<p>&nbsp;<\/p>\n<ol>\n<li><strong> Efeito anti-estilha\u00e7ante:<\/strong><\/li>\n<\/ol>\n<p>&nbsp;<\/p>\n<p>Vidros com pel\u00edculas instaladas tornam-se anti-estilha\u00e7antes, ou seja, quando os vidros s\u00e3o rompidos por algum motivo, os fragmentos se mant\u00e9m presos ao adesivo da pel\u00edcula.<\/p>\n<p>&nbsp;<\/p>\n<p>&nbsp;<\/p>\n<ol>\n<li><strong> Evitar ou dificultar invas\u00f5es atrav\u00e9s dos vidros ou vitrines:<\/strong><\/li>\n<\/ol>\n<p>&nbsp;<\/p>\n<p>Algumas Pel\u00edculas de Seguran\u00e7a possuem a caracter\u00edstica de, mesmo com o rompimento do vidro, evitar ou dificultar invas\u00f5es, pois o produto dificilmente consegue ser rasgado, mesmo com uma faca, estilete ou instrumentos similares. Para tal, este produto necessita de uma instala\u00e7\u00e3o espec\u00edfica para funcionar adequadamente com esta finalidade.<\/p>\n<p>&nbsp;<\/p>\n<p>&nbsp;<\/p>\n<ol>\n<li><strong> Controlar o desbotamento de tecidos, objetos e mercadorias:<\/strong><\/li>\n<\/ol>\n<p>&nbsp;<\/p>\n<p>As pel\u00edculas, controlando o Ultravioleta, Calor (Infravermelho) e Luz, conseguem reduzir a deterioriza\u00e7\u00e3o e desbotamento de cortinas, persianas, tapetes, sof\u00e1s, pisos, mercadorias e quaisquer outros objetos expostos ao raio solar em vitrines ou resid\u00eancias, preservando o investimento em produtos expostos, pisos, cortinas, objetos e mobili\u00e1rio.<\/p>\n<p>&nbsp;<\/p>\n<p>&nbsp;<\/p>\n<ol>\n<li><strong> Privacidade:<\/strong><\/li>\n<\/ol>\n<p>&nbsp;<\/p>\n<p>Pel\u00edculas opacas tamb\u00e9m conhecidas como Jateadas controlam a vis\u00e3o atrav\u00e9s do vidro de ambos os lados.<\/p>\n<p>&nbsp;<\/p>\n<p>&nbsp;<\/p>\n<ol>\n<li><strong> Efeito Espi\u00e3o:<\/strong><\/li>\n<\/ol>\n<p>&nbsp;<\/p>\n<p>Conseguir ter vis\u00e3o para fora e n\u00e3o ser enxergado. Pel\u00edculas com menor transmiss\u00e3o de Luz, escuras ou altamente metalizadas, promovem este efeito, por\u00e9m dependentes da diferen\u00e7a de luminosidade entre os ambientes em que se procura este objetivo.<\/p>\n<p><a href=\"https:\/\/hcontrolfilm.com.br\/novo\/wp-content\/uploads\/2018\/05\/pelicula-window-film-carro.jpg\"><img loading=\"lazy\" decoding=\"async\" class=\"aligncenter size-full wp-image-1811\" src=\"https:\/\/hcontrolfilm.com.br\/novo\/wp-content\/uploads\/2018\/05\/pelicula-window-film-carro.jpg\" alt=\"\" width=\"1000\" height=\"668\"><\/a><\/p>\n<p>&nbsp;<\/p>\n<ol>\n<li><strong> Decora\u00e7\u00e3o:<\/strong><\/li>\n<\/ol>\n<p>&nbsp;<\/p>\n<p>Diversos desenhos e formados, varia\u00e7\u00f5es de cores e texturas. Integre vidros no seu ambiente, corporativo ou residencial, agregue privacidade quando necess\u00e1rio com os melhores produtos dispon\u00edveis na ePel\u00edcula!<\/p>\n<p>&nbsp;<\/p>\n<p>&nbsp;<\/p>\n<p><strong>3)&nbsp;&nbsp;&nbsp;&nbsp;&nbsp;&nbsp;Dados T\u00e9cnicos para pel\u00edculas:<\/strong><\/p>\n<p>&nbsp;<\/p>\n<p>&nbsp;<\/p>\n<p><strong>&nbsp;<\/strong><\/p>\n<ol>\n<li><strong> Transmiss\u00e3o de Luz Vis\u00edvel (%):<\/strong><\/li>\n<\/ol>\n<div class=\"ast-oembed-container\" style=\"height: 100%;\"><iframe title=\"Pel\u00edcula Argento 20 que reduz 81% da energia solar - Insulfillm no RIo\" width=\"500\" height=\"281\" src=\"https:\/\/www.youtube.com\/embed\/TssJs-KGla8?feature=oembed\" frameborder=\"0\" allow=\"accelerometer; autoplay; clipboard-write; encrypted-media; gyroscope; picture-in-picture; web-share\" referrerpolicy=\"strict-origin-when-cross-origin\" allowfullscreen><\/iframe><\/div>\n<p>A porcentagem de Luz Vis\u00edvel (380~780nm) que \u00e9 transmitida atrav\u00e9s do conjunto vidro-pel\u00edcula. A Luz Vis\u00edvel \u00e9 a faixa do espectro eletromagn\u00e9tico solar respons\u00e1vel, por exemplo, pelo que enxergamos e pela luminosidade dos ambientes.<\/p>\n<p>&nbsp;<\/p>\n<p>&nbsp;<\/p>\n<ol>\n<li><strong> Reflex\u00e3o de Luz Vis\u00edvel (%):<\/strong><\/li>\n<\/ol>\n<p>&nbsp;<\/p>\n<p>A porcentagem de Luz Vis\u00edvel (380~780nm) que \u00e9 refletida atrav\u00e9s do conjunto vidro-pel\u00edcula. Quanto maior esta porcentagem, maior o efeito visual de reflexivo do produto.<\/p>\n<p>&nbsp;<\/p>\n<p>&nbsp;<\/p>\n<ol>\n<li><strong> Transmiss\u00e3o de Energia Solar (%):<\/strong><\/li>\n<\/ol>\n<p>&nbsp;<\/p>\n<p>A porcentagem de energia solar (300~2.500nm) que \u00e9 transmitida diretamente pelo conjunto vidro-pel\u00edcula. Entende-se como energia solar as tr\u00eas faixas do espectro eletromagn\u00e9tico solar: Ultravioleta, Luz Vis\u00edvel e Infravermelho.<\/p>\n<p>&nbsp;<\/p>\n<p>&nbsp;<\/p>\n<ol>\n<li><strong> Reflex\u00e3o da Energia Solar (%):<\/strong><\/li>\n<\/ol>\n<p>&nbsp;<\/p>\n<p>A porcentagem da energia solar (300~2.500nm) incidente que \u00e9 refletida diretamente pelo conjunto vidro pel\u00edcula. Quanto maior esta porcentagem, maior \u00e9 a capacidade do conjunto vidro\/pel\u00edcula em rejeitar diretamente a energia solar.<\/p>\n<p>&nbsp;<\/p>\n<p>&nbsp;<\/p>\n<ol>\n<li><strong> Absor\u00e7\u00e3o da Energia Solar (%):<\/strong><\/li>\n<\/ol>\n<p>&nbsp;<\/p>\n<p>A porcentagem da energia solar (300~2.500nm) incidente que \u00e9 absorvida pelo conjunto vidro-pel\u00edcula. Quanto maior esta porcentagem, maior \u00e9 a absor\u00e7\u00e3o de energia t\u00e9rmica do sistema, aumentando a temperatura do conjunto vidro-pel\u00edcula. Parte desta energia \u00e9 re-irradiada para dentro do ambiente, outra parte para fora.<\/p>\n<div class=\"ast-oembed-container\" style=\"height: 100%;\"><iframe title=\"Pel\u00edcula Automotiva Prisma Suntek - Coloca\u00e7\u00e3o no RJ\" width=\"500\" height=\"281\" src=\"https:\/\/www.youtube.com\/embed\/kgNiEcYvTxw?feature=oembed\" frameborder=\"0\" allow=\"accelerometer; autoplay; clipboard-write; encrypted-media; gyroscope; picture-in-picture; web-share\" referrerpolicy=\"strict-origin-when-cross-origin\" allowfullscreen><\/iframe><\/div>\n<p>&nbsp;<\/p>\n<ol>\n<li><strong> Transmiss\u00e3o de Infravermelho Curto (%):<\/strong><\/li>\n<\/ol>\n<p>&nbsp;<\/p>\n<p>A porcentagem de energia solar (1.000nm) &#8211; correspondente \u00e0 um ponto espec\u00edfico do infravermelho curto &#8211; que \u00e9 transmitida diretamente pelo conjunto vidro-pel\u00edcula.<\/p>\n<p>&nbsp;<\/p>\n<p>&nbsp;<\/p>\n<ol>\n<li><strong> CTCC &#8211; (Coeficiente de Transfer\u00eancia de Calor por Condu\u00e7\u00e3o &#8211; Valor U):<\/strong><\/li>\n<\/ol>\n<p>&nbsp;<\/p>\n<p>A quantidade de energia t\u00e9rmica (BTUs) que \u00e9 transmitida por 1 p\u00e9<sup>2<\/sup>&nbsp;do conjunto vidro-pel\u00edcula com uma diferen\u00e7a de temperatura de 1\u00ba.F do ambiente interno para o externo.O coeficiente total de transfer\u00eancia de calor por condu\u00e7\u00e3o \u00e9 inversamente proporcional ao Valor R (U = 1\/R). Quanto menor o Valor \u201cU\u201d, melhor as qualidades de isolamento do conjunto vidro-pel\u00edcula.<\/p>\n<p>&nbsp;<\/p>\n<p>&nbsp;<\/p>\n<ol>\n<li><strong> Coeficiente de Ganho de Calor Solar &#8211; SHGC:<\/strong><\/li>\n<\/ol>\n<p>&nbsp;<\/p>\n<p>O SHGC \u00e9 a fra\u00e7\u00e3o da radia\u00e7\u00e3o solar incidente admitido atrav\u00e9s de uma janela, tanto a diretamente transmitida quanto a absorvida e posteriormente liberada para dentro. SHGC \u00e9 expresso como um n\u00famero entre 0 e 1. Quanto menor o coeficiente de ganho de calor solar de uma janela, menos o calor solar ela transmite.<\/p>\n<p>&nbsp;<\/p>\n<p>O SHGC do conjunto vidro-pel\u00edcula a \u00e9 inferior ao SHGC quando calculado somente do vidro, sendo geralmente abaixo de 0,8.<\/p>\n<p>&nbsp;<\/p>\n<p>Ganho de calor solar pode levar a um superaquecimento no ver\u00e3o, mas tamb\u00e9m pode fornecer calor gratuito no inverno. A melhor forma de equilibrar o ganho de calor solar depende do clima, localidade condi\u00e7\u00f5es de sombreamento e outros fatores.<\/p>\n<p>&nbsp;<\/p>\n<p>&nbsp;<\/p>\n<ol>\n<li><strong> Coeficiente de Sombra:<\/strong><\/li>\n<\/ol>\n<p>&nbsp;<\/p>\n<p>A taxa de ganho de infravermelho transmitida por um conjunto de vidro-pel\u00edcula para o ganho de infravermelho ocorrendo em condi\u00e7\u00f5es comparativas a uma janela comum de vidro duplo. Quanto menor o n\u00famero, melhor as qualidades de sombreamento e efic\u00e1cia do conjunto vidro-pel\u00edcula.<\/p>\n<p>&nbsp;<\/p>\n<p>&nbsp;<\/p>\n<ol>\n<li><strong> Transmiss\u00e3o de Ultravioleta (%):<\/strong><\/li>\n<\/ol>\n<p>&nbsp;<\/p>\n<p>\u00c9 o percentual m\u00e1ximo transmitido de ultravioleta (300~380nm) pelo conjunto vidro-pel\u00edcula. O Ultravioleta \u00e9 a faixa do espectro eletromagn\u00e9tico solar considerada principal respons\u00e1vel por deterioriza\u00e7\u00e3o e desbotamento de objetos, al\u00e9m estar altamente relacionada com les\u00f5es e c\u00e2nceres da pele.<\/p>\n<p>&nbsp;<\/p>\n<div class=\"ast-oembed-container\" style=\"height: 100%;\"><iframe title=\"Insulfilm RJ\" width=\"500\" height=\"281\" src=\"https:\/\/www.youtube.com\/embed\/55zwjWnM8lQ?feature=oembed\" frameborder=\"0\" allow=\"accelerometer; autoplay; clipboard-write; encrypted-media; gyroscope; picture-in-picture; web-share\" referrerpolicy=\"strict-origin-when-cross-origin\" allowfullscreen><\/iframe><\/div>\n<ol>\n<li><strong> Total de Energia Solar Rejeitada:<\/strong><\/li>\n<\/ol>\n<p>&nbsp;<\/p>\n<p>A porcentagem de Energia Solar (300~2.500nm) rejeitada pelo conjunto vidro-pel\u00edcula. Equivale a Reflex\u00e3o da Energia Solar mais o percentual de Absor\u00e7\u00e3o da Energia Solar que \u00e9 re-irradiado para fora do ambiente.<\/p>\n<p>&nbsp;<\/p>\n<p><strong>4)&nbsp;&nbsp;&nbsp;&nbsp;&nbsp;&nbsp;Propriedades F\u00edsicas para pel\u00edculas:<\/strong><\/p>\n<p>&nbsp;<\/p>\n<p>&nbsp;<\/p>\n<p><strong>&nbsp;<\/strong><\/p>\n<p>S\u00e3o caracter\u00edsticas das Pel\u00edculas de Seguran\u00e7a que visam explicitar suas propriedades e benef\u00edcios.<\/p>\n<p>&nbsp;<\/p>\n<p><strong>&nbsp;<\/strong><\/p>\n<ol>\n<li><strong> For\u00e7a de Ades\u00e3o:<\/strong><\/li>\n<\/ol>\n<p>&nbsp;<\/p>\n<p>\u00c9 a for\u00e7a m\u00e1xima, medida em gramas por polegada de largura, que o sistema de adesivo suporta para manter-se fixado ao vidro.<\/p>\n<p>&nbsp;<\/p>\n<p>&nbsp;<\/p>\n<ol>\n<li><strong> Espessura:<\/strong><\/li>\n<\/ol>\n<p>&nbsp;<\/p>\n<p>\u00c9 a medida, em mil\u00e9simos de polegada ou micr\u00f4metros da espessura da estrutura do produto. Uma unidade de mil\u00e9simo de polegada \u00e9 igual a 25,4 unidades do M\u00edcron (mm\/1000), tamb\u00e9m denominado micr\u00f4metro. Portanto, um produto de espessura 4 MIL (mil\u00e9simos de polegada), possui aproximadamente 101 micra de espessura (4,00 x 25,60 = 101,60).<\/p>\n<p>&nbsp;<\/p>\n<p>&nbsp;<\/p>\n<ol>\n<li><strong> Resist\u00eancia \u00e0 Tra\u00e7\u00e3o:<\/strong><\/li>\n<\/ol>\n<p>&nbsp;<\/p>\n<p>\u00c9 a for\u00e7a m\u00e1xima, em Kg por cm2, que o produto suporta enquanto uma carga axial de alongamento \u00e9 aplicada.<\/p>\n<p>&nbsp;<\/p>\n<p>&nbsp;<\/p>\n<ol>\n<li><strong> Alongamento na Ruptura:<\/strong><\/li>\n<\/ol>\n<p>&nbsp;<\/p>\n<p>\u00c9 o total, em percentual, que o produto pode alongar-se antes de romper.<\/p>\n<p>&nbsp;<\/p>\n<p>&nbsp;<\/p>\n<ol>\n<li><strong> Resist\u00eancia \u00e0 Perfura\u00e7\u00e3o:<\/strong><\/li>\n<\/ol>\n<p>&nbsp;<\/p>\n<p>\u00c9 a for\u00e7a, em Kg, que o produto resiste \u00e0 perfura\u00e7\u00e3o, utilizando-se a norma t\u00e9cnica ASTM D4830.<\/p>\n<p><strong>&nbsp;<\/strong><\/p>\n<p>&nbsp;<\/p>\n<p><strong>5)&nbsp;&nbsp;&nbsp;&nbsp;&nbsp;&nbsp;Indica\u00e7\u00f5es das Pel\u00edculas:<\/strong><\/p>\n<p>&nbsp;<\/p>\n<p>&nbsp;<\/p>\n<p>As Indica\u00e7\u00f5es s\u00e3o itens b\u00e1sicos e claros para que voc\u00ea possa escolher rapidamente sua pel\u00edcula de acordo a necessidade.<\/p>\n<p>&nbsp;<\/p>\n<p>&nbsp;<\/p>\n<ol>\n<li><strong> Rejei\u00e7\u00e3o de UV:<\/strong><\/li>\n<\/ol>\n<p>&nbsp;<\/p>\n<p>Classifica se o produto \u00e9 produzido para rejei\u00e7\u00e3o de Ultravioleta.<\/p>\n<p>&nbsp;<\/p>\n<p>&nbsp;<\/p>\n<ol>\n<li><strong> Controle da Luz:<\/strong><\/li>\n<\/ol>\n<p>&nbsp;<\/p>\n<p>Indica se o produto \u00e9 adequado para o controle da Luz.<\/p>\n<p>&nbsp;<\/p>\n<p>&nbsp;<\/p>\n<ol>\n<li><strong> Rejei\u00e7\u00e3o de Calor<\/strong><\/li>\n<\/ol>\n<p>&nbsp;<\/p>\n<p>Indica os produtos que possuem maior capacidade de rejeitar o Infravermelho (calor).<\/p>\n<p>&nbsp;<\/p>\n<p>&nbsp;<\/p>\n<ol>\n<li><strong> Privacidade (Opacidade):<\/strong><\/li>\n<\/ol>\n<p>&nbsp;<\/p>\n<p>Define se o produto possui caracter\u00edstica de opacidade, como os produtos jateados, visando privacidade em ambientes.<\/p>\n<p>&nbsp;<\/p>\n<p>&nbsp;<\/p>\n<ol>\n<li><strong> Efeito Espi\u00e3o:<\/strong><\/li>\n<\/ol>\n<p>&nbsp;<\/p>\n<p>Classifica se o produto possui indica\u00e7\u00e3o para efeito espi\u00e3o, caracterizado pela baixa transmiss\u00e3o de Luz Vis\u00edvel. Verifique em \u201cO que \u00e9 efeito espi\u00e3o e como funciona?\u201d para maior aprofundamento.<\/p>\n<p>&nbsp;<\/p>\n<p>&nbsp;<\/p>\n<ol>\n<li><strong> Seguran\u00e7a:<\/strong><\/li>\n<\/ol>\n<p>&nbsp;<\/p>\n<p>Indica se o produto possui caracter\u00edstica de aumento de resist\u00eancia contra impactos e outros aspectos da linha de Pel\u00edculas de Seguran\u00e7a.<\/p>\n<p>&nbsp;<\/p>\n<p>&nbsp;<\/p>\n<ol>\n<li><strong> Decorativa:<\/strong><\/li>\n<\/ol>\n<p>&nbsp;<\/p>\n<p>Classifica o produto que \u00e9 comumente utilizado com prop\u00f3sitos decorativos.<\/p>\n<p>&nbsp;<\/p>\n<p>&nbsp;<\/p>\n<ol>\n<li><strong> Instala\u00e7\u00e3o Exterior:<\/strong><\/li>\n<\/ol>\n<p>&nbsp;<\/p>\n<p>Indica os itens que possuem fabrica\u00e7\u00e3o espec\u00edfica para instala\u00e7\u00e3o exterior. Maior aprofundamento consulte \u201cPor que uma pel\u00edcula de instala\u00e7\u00e3o interna n\u00e3o pode ser instalada externamente?\u201d<strong>.<\/strong><\/p>\n<p>&nbsp;<\/p>\n<p><strong>&nbsp;<\/strong><\/p>\n<p><strong>6)&nbsp;&nbsp;&nbsp;&nbsp;&nbsp;&nbsp;Caracter\u00edsticas das Pel\u00edculas:<\/strong><\/p>\n<p><strong>&nbsp;<\/strong><\/p>\n<ol>\n<li><strong> Estabilidade de Pigmento:<\/strong><\/li>\n<\/ol>\n<p>&nbsp;<\/p>\n<p>Indica os produtos que conseguem manter a pigmenta\u00e7\u00e3o sem altera\u00e7\u00f5es ao longo dos anos, ou seja, sem descolora\u00e7\u00e3o.<\/p>\n<p>&nbsp;<\/p>\n<ol>\n<li><strong> Tipo de Pigmenta\u00e7\u00e3o:<\/strong><\/li>\n<\/ol>\n<p>&nbsp;<\/p>\n<p>\u00c9 o m\u00e9todo de fabrica\u00e7\u00e3o do produto, quando pigmentado. Existem basicamente tr\u00eas processos distintos:<\/p>\n<p>&nbsp;<\/p>\n<ul>\n<li>\n<ul>\n<li><strong>Adesivo Pigmentado:<\/strong><\/li>\n<\/ul>\n<\/li>\n<\/ul>\n<p>&nbsp;<\/p>\n<p>O pigmento e o anti-ultravioleta s\u00e3o adicionados ao adesivo do produto, compondo a primeira camada da pel\u00edcula que recebe o raio solar. Este m\u00e9todo de fabrica\u00e7\u00e3o consegue ofertar produtos de menor valor agregado pela simplicidade do processo, por\u00e9m os produtos possuem menor vida \u00fatil.<\/p>\n<p>&nbsp;<\/p>\n<ul>\n<li>\n<ul>\n<li><strong>Pigmenta\u00e7\u00e3o Interna:<\/strong><\/li>\n<\/ul>\n<\/li>\n<\/ul>\n<p>&nbsp;<\/p>\n<p>O pigmento fica protegido entre camadas de poli\u00e9ster, n\u00e3o estando relacionado ao adesivo. A forma de produ\u00e7\u00e3o desta linha nos resulta em produtos extremamente confi\u00e1veis, al\u00e9m de garantir maior estabilidade em diversas situa\u00e7\u00f5es.<\/p>\n<p>&nbsp;<\/p>\n<ul>\n<li>\n<ul>\n<li><strong>Pigmenta\u00e7\u00e3o Incorporada:<\/strong><\/li>\n<\/ul>\n<\/li>\n<\/ul>\n<p>&nbsp;<\/p>\n<p>\u00c9 o m\u00e9todo de fabrica\u00e7\u00e3o comercialmente chamado de Color Stable. \u00c9 o \u00fanico sistema de fabrica\u00e7\u00e3o que utiliza pigmento e consegue assegurar estabilidade, ou seja, n\u00e3o descolore.<\/p>\n<p>&nbsp;<\/p>\n<ol>\n<li><strong> Estabilidade de Metaliza\u00e7\u00e3o:<\/strong><\/li>\n<\/ol>\n<p>&nbsp;<\/p>\n<p>Indica os produtos que conseguem manter a metaliza\u00e7\u00e3o sem altera\u00e7\u00f5es ao longo dos anos, n\u00e3o correndo risco de desmetalizar.<\/p>\n<p>&nbsp;<\/p>\n<ol>\n<li><strong> Tipo de Metaliza\u00e7\u00e3o:<\/strong><\/li>\n<\/ol>\n<p>&nbsp;<\/p>\n<p>Existem basicamente dois m\u00e9todos distintos de metaliza\u00e7\u00e3o para pel\u00edculas:<\/p>\n<p>&nbsp;<\/p>\n<ul>\n<li>\n<ul>\n<li><strong>\u00c1 v\u00e1cuo:<\/strong><\/li>\n<\/ul>\n<\/li>\n<\/ul>\n<p>&nbsp;<\/p>\n<p>A metaliza\u00e7\u00e3o ou revestimento a v\u00e1cuo \u00e9 um processo pelo qual um metal -quase exclusivamente alum\u00ednio- \u00e9 aplicado como uma camada em um filme de poli\u00e9ster transparente, e ap\u00f3s isto outra camada de filme de poli\u00e9ster \u00e9 laminada. Esses produtos s\u00e3o excelentes pel\u00edculas de controle solar capazes de rejeitar mais de 80% da radia\u00e7\u00e3o solar.<\/p>\n<p>&nbsp;<\/p>\n<p>&nbsp;<\/p>\n<p>Como o processo de metaliza\u00e7\u00e3o \u00e0 v\u00e1cuo pode ser controlado, h\u00e1 possibilidade da espessura da camada de alum\u00ednio ser produzida em toler\u00e2ncias precisas. Isto resulta em filmes de controle solar que possuem percentuais diferentes de transmiss\u00e3o de luz vis\u00edvel, mudando o resultado do produto. De forma geral, quanto mais baixa a transmiss\u00e3o de luz vis\u00edvel, mais alta a rejei\u00e7\u00e3o ao calor solar. As transmiss\u00f5es de luz vis\u00edvel geralmente variam de 15% (baixa) at\u00e9 70% (alta).<\/p>\n<p>&nbsp;<\/p>\n<p>&nbsp;<\/p>\n<p>A combina\u00e7\u00e3o da camada de alum\u00ednio com uma camada de pel\u00edcula pigmentada, ao inv\u00e9s de uma camada transparente, pode produzir v\u00e1rias vers\u00f5es diferentes de pel\u00edculas (bronze, cinza, etc.) com v\u00e1rios n\u00edveis de transmiss\u00e3o de luz e propriedades de controle solar.<\/p>\n<p>&nbsp;<\/p>\n<p>&nbsp;<\/p>\n<ul>\n<li>\n<ul>\n<li><strong>I\u00f4nico:<\/strong><\/li>\n<\/ul>\n<\/li>\n<\/ul>\n<p>&nbsp;<\/p>\n<p>O processo I\u00f4nico de metaliza\u00e7\u00e3o utiliza uma grande c\u00e2mara de v\u00e1cuo e uma atmosfera de g\u00e1s inerte (ou reativo) bem como energia el\u00e9trica. A energia el\u00e9trica aplica uma carga negativa aos \u00e1tomos ou mol\u00e9culas de g\u00e1s. A press\u00e3o quase zero dentro da c\u00e2mara de v\u00e1cuo &#8211; que \u00e9 extremamente baixa comparada \u00e0 press\u00e3o atmosf\u00e9rica normal &#8211; permite que as part\u00edculas carregadas negativamente se movam livremente na c\u00e2mara em alta velocidade.<\/p>\n<p>&nbsp;<\/p>\n<p>Quando essas part\u00edculas carregadas atingem o metal que vai ser aplicado \u00e0 pel\u00edcula, os \u00e1tomos do metal -ou \u00f3xido met\u00e1lico &#8211; s\u00e3o desprendidos, tamb\u00e9m em alta velocidade. Eles atingem a pel\u00edcula criando uma camada fina de \u00f3xido met\u00e1lico.<\/p>\n<p>&nbsp;<\/p>\n<p>&nbsp;<\/p>\n<p>Os produtos I\u00f4nicos possuem excelentes propriedades de controle do calor solar como as que s\u00e3o produzidas pelo processo de metaliza\u00e7\u00e3o a v\u00e1cuo. Por\u00e9m, uma das vantagens do processo I\u00f4nico de metaliza\u00e7\u00e3o \u00e9 a n\u00e3o utiliza\u00e7\u00e3o de pigmento, n\u00e3o estando assim sujeito \u00e0 descolora\u00e7\u00e3o.<\/p>\n<p>&nbsp;<\/p>\n<p>&nbsp;<\/p>\n<p>Para atingir diferentes tonalidades e cores para os produtos s\u00e3o utilizadas somente ligas met\u00e1licas como a\u00e7o inoxid\u00e1vel, n\u00edquel-cromo e outros, resultando em cores \u00fanicas e n\u00edveis mais altos de transmiss\u00e3o seletiva.<\/p>\n<p>&nbsp;<\/p>\n<p>Diferentemente da metaliza\u00e7\u00e3o \u00e0 v\u00e1cuo, o processo I\u00f4nico incorpora o metal ao poli\u00e9ster, agregando aos produtos estabilidade de metaliza\u00e7\u00e3o.<\/p>\n<p>&nbsp;<\/p>\n<ol>\n<li><strong> Interfer\u00eancia Eletromagn\u00e9tica:<\/strong><\/li>\n<\/ol>\n<p>&nbsp;<\/p>\n<p>Indica se o produto interfere ou n\u00e3o em ondas eletromagn\u00e9ticas. Esta interfer\u00eancia eletromagn\u00e9tica pode ser uma necessidade ou um fator negativo, de acordo com sua necessidade. Para maiores esclarecimentos consulte \u201cA pel\u00edcula interfere em ondas de r\u00e1dio, celular, wi-fi e GPS?\u201d.<\/p>\n<p>&nbsp;<\/p>\n<p>&nbsp;<\/p>\n<p><strong>7)&nbsp;&nbsp;&nbsp;&nbsp;&nbsp;&nbsp;A pel\u00edcula interfere em ondas de r\u00e1dio, celular, wi-fi e GPS?<\/strong><\/p>\n<p>&nbsp;<\/p>\n<p>&nbsp;<\/p>\n<p>Alguns produtos, principalmente com metaliza\u00e7\u00e3o em sua composi\u00e7\u00e3o, podem interferir em ondas eletromagn\u00e9ticas como de equipamentos como r\u00e1dio, celular, wi-fi e GPS.<\/p>\n<p>&nbsp;<\/p>\n<p>&nbsp;<\/p>\n<p>Caso seu objetivo seja que seu sinal wi-fi n\u00e3o seja compartilhado fora do seu ambiente, escolha produtos com dado t\u00e9cnico \u201cinterfer\u00eancia eletromagn\u00e9tica\u201d com preenchimento SIM.<\/p>\n<p>&nbsp;<\/p>\n<p>&nbsp;<\/p>\n<p>J\u00e1 em outras situa\u00e7\u00f5es onde \u00e9 necess\u00e1rio preservar a entrada de sinais de r\u00e1dio e GPS, como ocorre em ambientes corporativos e em ve\u00edculos, selecione produtos com \u201cinterfer\u00eancia eletromagn\u00e9tica\u201d com preenchimento N\u00c3O.<\/p>\n<p>&nbsp;<\/p>\n<p>&nbsp;<\/p>\n<p>&nbsp;<\/p>\n<p><strong>8)&nbsp;&nbsp;&nbsp;&nbsp;&nbsp;&nbsp;A pel\u00edcula substitui o uso de cortinas e persianas?<\/strong><\/p>\n<p>&nbsp;<\/p>\n<p>&nbsp;<\/p>\n<p>Em muitos casos como Hospitais e Cl\u00ednicas m\u00e9dicas, as pel\u00edculas t\u00eam sido utilizadas como forma substitutiva \u00e0s cortinas e persianas por determina\u00e7\u00e3o de normativas visando evitar ac\u00famulo de poeira, bact\u00e9rias e quaisquer agentes que possam interferir negativamente no ambiente cl\u00ednico.<\/p>\n<p>&nbsp;<\/p>\n<p>&nbsp;<\/p>\n<p>J\u00e1 em ambientes residenciais e comerciais, as pel\u00edculas podem ser complementares \u00e0s cortinas e persianas e n\u00e3o substitutivas, pelo fato do uso destes produtos trazerem ben\u00e9ficos distintos.<\/p>\n<p>&nbsp;<\/p>\n<p>&nbsp;<\/p>\n<p>Por exemplo, a pel\u00edcula consegue controlar Luz, Calor e UV e pode gerar privacidade de forma uniforme. No caso das cortinas e persianas, o usu\u00e1rio comanda as \u00e1reas de fechamento para Luz e Privacidade. Por\u00e9m, as cortinas e persianas n\u00e3o s\u00e3o capazes de controlar Calor e Ultravioleta, o que fortalece, na maioria dos casos, o uso dos produtos de forma complementar e n\u00e3o substitutiva.<\/p>\n<p>&nbsp;<\/p>\n<p>&nbsp;<\/p>\n<p>&nbsp;<\/p>\n<p><strong>9)&nbsp;&nbsp;&nbsp;&nbsp;&nbsp;&nbsp;O que \u00e9 Efeito Espi\u00e3o e como funciona?<\/strong><\/p>\n<p>&nbsp;<\/p>\n<p>&nbsp;<\/p>\n<p>\u00c9 o famoso efeito da sala de interrogat\u00f3rio dos filmes policiais, quando conseguimos enxergar de um ambiente ao outro \u201csem sermos vistos\u201d, dando um efeito de espelho nos vidros ou ainda de fum\u00ea escuro.<\/p>\n<p>&nbsp;<\/p>\n<p>&nbsp;<\/p>\n<p>\u00c9 importante ressaltar que este efeito somente ser\u00e1 atingido com a utiliza\u00e7\u00e3o do produto correto e a adequa\u00e7\u00e3o do ambiente. De outro modo, pode haver a invers\u00e3o do efeito espi\u00e3o com a altera\u00e7\u00e3o das condi\u00e7\u00f5es de luminosidade do ambiente.<\/p>\n<p>&nbsp;<\/p>\n<p>&nbsp;<\/p>\n<p>Por exemplo, quando utilizamos um produto indicado para o efeito espi\u00e3o em uma guarita &#8211; caracterizado pela baixa transmiss\u00e3o luminosa (Transmiss\u00e3o de Luz Vis\u00edvel %)-, temos, durante o dia, o resultado desejado devido a diferen\u00e7a de intensidade de luz entre o ambiente interno e o externo.<\/p>\n<p>&nbsp;<\/p>\n<p>&nbsp;<\/p>\n<p>Por ser de dia, o ambiente externo possui uma intensidade de luz muito maior que o interno, fazendo com que quem esteja do lado externo da guarita n\u00e3o enxergue o ambiente interno e com que quem esteja do lado interno da guarita enxergue o ambiente externo sem ser visto.<\/p>\n<p>&nbsp;<\/p>\n<p>&nbsp;<\/p>\n<p>Por\u00e9m, ao anoitecer, teremos a invers\u00e3o das condi\u00e7\u00f5es de intensidade de luz. No lado interno da guarita teremos um emissor luminoso enquanto externamente n\u00e3o mais teremos a luz solar. Esta invers\u00e3o de condi\u00e7\u00f5es faz com que tamb\u00e9m haja uma invers\u00e3o do efeito espi\u00e3o. Quem est\u00e1 fora da guarita enxergar\u00e1 o interior deste e quem est\u00e1 dentro da guarita n\u00e3o enxergar\u00e1 fora dela.<\/p>\n<p>&nbsp;<\/p>\n<p>&nbsp;<\/p>\n<p>&nbsp;<\/p>\n<p><strong>10)&nbsp;&nbsp;&nbsp;Como manter o Efeito Espi\u00e3o com altera\u00e7\u00f5es de intensidade de luz?<\/strong><\/p>\n<p>&nbsp;<\/p>\n<p>&nbsp;<\/p>\n<p>O Efeito Espi\u00e3o funciona somente com as diferen\u00e7as de intensidade de luz. Quanto maior esta diferen\u00e7a, melhor ser\u00e1 o efeito. Caso haja a mesma intensidade em ambos os ambientes (interno e externo), a \u201cdificuldade de enxergar\u201d entre os ambientes ser\u00e1 similar em ambos os lados.<\/p>\n<p>&nbsp;<\/p>\n<p>&nbsp;<\/p>\n<p>Portanto, para atingir o efeito desejado, al\u00e9m da utiliza\u00e7\u00e3o de produto de baixa transmiss\u00e3o luminosa, devemos nos atentar \u00e0s intensidades de luz externa e interna. Como no exemplo da guarita utilizado na quest\u00e3o anterior, para manter o mesmo efeito atingido durante o dia (maior intensidade fora, menor intensidade dentro), deve-se procurar simular estas condi\u00e7\u00f5es, ou seja, aumentar a intensidade luminosa fora da guarita e diminuir a interna.<\/p>\n<p>&nbsp;<\/p>\n<p>&nbsp;<\/p>\n<p>Para tanto recomenda-se utilizar-se de luz artificial externa, como por exemplo, refletores direcionados ao vidro \u2013 com precau\u00e7\u00e3o para n\u00e3o causar ofuscamento na guarita-, e internamente luz dirigida em intensidade suficiente para a realiza\u00e7\u00e3o do trabalho na guarita \u00e0 noite. Como j\u00e1 comentado, quanto maior a diferen\u00e7a de intensidade de luz entre o ambiente externo e interno, melhor ser\u00e1 o Efeito Espi\u00e3o.<\/p>\n<p>&nbsp;<\/p>\n<p>&nbsp;<\/p>\n<p>&nbsp;<\/p>\n<p><strong>11)&nbsp;&nbsp;&nbsp;O uso de pel\u00edcula pode ser a causa da quebra de vidros?<\/strong><\/p>\n<p>&nbsp;<\/p>\n<p>&nbsp;<\/p>\n<p>Depende. Existem cinco tipos de estresse que podem causar quebra de vidro:<\/p>\n<p>&nbsp;<\/p>\n<p>&nbsp;<\/p>\n<p>Estresse T\u00e9rmico \u2013 gerado pela absor\u00e7\u00e3o de radia\u00e7\u00e3o solar;<\/p>\n<p>Tens\u00e3o &#8211; a partir do peso do vidro em si;<\/p>\n<p>Estresse Mec\u00e2nico E\u00f3lico &#8211; a partir do vento;<\/p>\n<p>Estresse de Impacto &#8211; de objetos diversos, granizo, bolas de futebol;<\/p>\n<p>Estresse de Tor\u00e7\u00e3o &#8211; movimenta\u00e7\u00e3o na constru\u00e7\u00e3o ou janela.<\/p>\n<p>&nbsp;<\/p>\n<p>&nbsp;<\/p>\n<p>A pel\u00edcula pode exercer alguma influ\u00eancia apenas no estresse t\u00e9rmico, pois o uso de pel\u00edculas aumenta a absor\u00e7\u00e3o da energia solar.<\/p>\n<p>&nbsp;<\/p>\n<p>&nbsp;<\/p>\n<p>No entanto, existem tamb\u00e9m outros fatores que aumentam est\u00e3o relacionados ao estresse t\u00e9rmico, tais como:<\/p>\n<p>&nbsp;<\/p>\n<p>Sombreamento parcial das janelas;<\/p>\n<p>Cortinas ou persianas muito pr\u00f3ximas ao vidro;<\/p>\n<p>Vidros danificados ou com adesivos;<\/p>\n<p>Aquecimento ou refrigera\u00e7\u00e3o com fico voltado para o vidro.<\/p>\n<p>&nbsp;<\/p>\n<p>Devemos tamb\u00e9m levar em considera\u00e7\u00e3o que existem diferentes tipos de vidro (temperado, laminado, pigmentado, etc.) que possuem diferentes taxas de absor\u00e7\u00e3o de energia solar. Estes tipos de vidro ir\u00e3o suportar diferentes graus de tens\u00e3o t\u00e9rmica.<\/p>\n<p>&nbsp;<\/p>\n<p>A ePel\u00edcula poder\u00e1 lhe auxiliar tecnicamente para a escolha do melhor produto para seu caso.<\/p>\n<p>&nbsp;<\/p>\n<p>Segue abaixo alguns tipos de vidro ou condi\u00e7\u00f5es em que a utiliza\u00e7\u00e3o de uma pel\u00edcula de controle solar (n\u00e3o de seguran\u00e7a, claro) n\u00e3o \u00e9 recomendada sem os devidos cuidados.<\/p>\n<p>&nbsp;<\/p>\n<p>Vidro \u00fanico com \u00e1rea maior do que 10 metros quadrados;<\/p>\n<p>Painel de Vidro duplo com mais de 4 metros quadrados;<\/p>\n<p>Vidro transparente mais espesso do que 10 mil\u00edmetros;<\/p>\n<p>Vidro fum\u00ea mais espesso do que 6 mil\u00edmetros;<\/p>\n<p>Caixilhos de alum\u00ednio s\u00f3lido, concreto ou de a\u00e7o s\u00f3lido;<\/p>\n<p>Vidros com selantes ou compostos endurecidos;<\/p>\n<p>Vidro visivelmente lascado, rachado ou danificado;<\/p>\n<p>Refletivo, aramado, texturizado ou estampados;<\/p>\n<p>Painel de vidro triplo.<\/p>\n<p>Janelas de vidro laminado.<\/p>\n<p>&nbsp;<\/p>\n<p>&nbsp;<\/p>\n<p>&nbsp;<\/p>\n<p><strong>PEL\u00cdCULA DE SEGURAN\u00c7A<\/strong><\/p>\n<p>&nbsp;<\/p>\n<p>&nbsp;<\/p>\n<p><strong>1)&nbsp;&nbsp;&nbsp;&nbsp;&nbsp;&nbsp;A Pel\u00edcula de Seguran\u00e7a pode ser considera uma semi-blindagem?<\/strong><\/p>\n<p>&nbsp;<\/p>\n<p>&nbsp;<\/p>\n<p>N\u00e3o. Nenhuma pel\u00edcula tem resist\u00eancia \u00e0 proj\u00e9teis para ser considerada blindagem. Nenhum fabricante de Pel\u00edcula de Seguran\u00e7a no mundo vende este produto para esta utiliza\u00e7\u00e3o e com estes benef\u00edcios. Infelizmente, algumas empresas utilizam-se deste termo relacionado \u00e0 Pel\u00edcula de Seguran\u00e7a para conotar um produto que tem capacidade de \u201csegurar\u201d proj\u00e9teis.<\/p>\n<p>&nbsp;<\/p>\n<p>&nbsp;<\/p>\n<p><strong>2)&nbsp;&nbsp;&nbsp;&nbsp;&nbsp;&nbsp;Como uma Pel\u00edcula de Seguran\u00e7a pode evitar ou dificultar a invas\u00e3o de ambientes?<\/strong><\/p>\n<p>&nbsp;<\/p>\n<p>&nbsp;<\/p>\n<p>O esfor\u00e7o para invadir um ambiente atrav\u00e9s de uma \u00e1rea envidra\u00e7ada com Pel\u00edcula de Seguran\u00e7a \u00e9 dividido em dois momentos distintos: 1) for\u00e7a necess\u00e1ria para a quebra do sistema vidro + pel\u00edcula e, 2) Com o vidro quebrado, for\u00e7a necess\u00e1ria para superar a barreira formada pela pel\u00edcula de seguran\u00e7a e os fragmentos de vidro que ficam fixados na pel\u00edcula atrav\u00e9s do seu potente adesivo.<\/p>\n<p>&nbsp;<\/p>\n<p>&nbsp;<\/p>\n<p>A Pel\u00edcula de Seguran\u00e7a aumenta a resist\u00eancia entre 20 e 103 Kg de impacto para perfura\u00e7\u00e3o, de acordo com ensaios em condi\u00e7\u00f5es espec\u00edficas e padronizadas.<\/p>\n<p>&nbsp;<\/p>\n<p>&nbsp;<\/p>\n<p>Dependendo do tipo de ancoramento &#8211; forma em que a pel\u00edcula \u00e9 instalada associada \u00e0 forma de fixa\u00e7\u00e3o da pel\u00edcula e vidro nos caixilhos -, a pel\u00edcula servir\u00e1 como agente dificultador de invas\u00f5es, pois, quanto maior sua Resist\u00eancia \u00e0 Tra\u00e7\u00e3o associada a sua capacidade de Alongamento \u00e0 Ruptura, maior a dificuldade de superar a barreira que surge ap\u00f3s a quebra do vidro, formado pela Pel\u00edcula de Seguran\u00e7a associada aos pr\u00f3prios fragmentos do vidro rompido.<\/p>\n<p>&nbsp;<\/p>\n<p>&nbsp;<\/p>\n<p><strong>INSTALA\u00c7\u00c3O<\/strong><\/p>\n<p>&nbsp;<\/p>\n<p><strong>1)&nbsp;&nbsp;&nbsp;&nbsp;&nbsp;&nbsp;Onde as pel\u00edculas podem ser instaladas?<\/strong><\/p>\n<p>&nbsp;<\/p>\n<p>As pel\u00edculas devem ser instaladas em vidros com superf\u00edcie lisa, comumente na face interna. Janelas, fachadas, vitrines, box de banheiros, divis\u00f3rias, tetos de vidro, sacadas e muitos outros locais. Existem alguns produtos para instala\u00e7\u00e3o externa em casos onde n\u00e3o \u00e9 poss\u00edvel o acesso ao vidro internamente e produtos espec\u00edficos para instala\u00e7\u00e3o em policarbonatos.<\/p>\n<p>&nbsp;<\/p>\n<p>N\u00e3o \u00e9 indicada a instala\u00e7\u00e3o de pel\u00edculas em vidros aramados, com risco de quebra dos mesmos. Para alguns tipos espec\u00edficos de vitrifica\u00e7\u00e3o, pode ser necess\u00e1rio um estudo para especifica\u00e7\u00e3o do produto adequado, como no caso de laminados, pigmentados, metalizados e outros. Fale com a equipe t\u00e9cnica ePel\u00edcula, estaremos sempre dispon\u00edveis em ajud\u00e1-lo.<\/p>\n<p>&nbsp;<\/p>\n<p>&nbsp;<\/p>\n<p><strong>2)&nbsp;&nbsp;&nbsp;&nbsp;&nbsp;&nbsp;Quanto tempo demora a instala\u00e7\u00e3o da pel\u00edcula?<\/strong><\/p>\n<p>&nbsp;<\/p>\n<p>&nbsp;<\/p>\n<p>A instala\u00e7\u00e3o do produto \u00e9 r\u00e1pida. Conseguimos adequar o tamanho de equipe de execu\u00e7\u00e3o de acordo com a quantidade de produto a instalar. Caso voc\u00ea tenha alguma necessidade especial em termos de prazo de entrega do produto instalado, entre em contato a equipe de atendimento ePel\u00edcula, teremos imenso prazer em atender suas necessidades.<\/p>\n<p>&nbsp;<\/p>\n<p>&nbsp;<\/p>\n<p><strong>3)&nbsp;&nbsp;&nbsp;&nbsp;&nbsp;&nbsp;Depois de instalado, o produto demora quanto tempo para \u201csecar\u201d?<\/strong><\/p>\n<p>&nbsp;<\/p>\n<p>&nbsp;<\/p>\n<p>O tempo de cura do adesivo das pel\u00edculas varia de acordo com o m\u00e9todo de fabrica\u00e7\u00e3o, espessura do produto e tipo do adesivo. Produtos pigmentados ou com metaliza\u00e7\u00e3o a v\u00e1cuo, normalmente tem o processo de cura finalizado em 48 horas.<\/p>\n<p>&nbsp;<\/p>\n<p>&nbsp;<\/p>\n<p>Tratando-se de produtos com m\u00e9todo I\u00f4nico de metaliza\u00e7\u00e3o, o prazo pode chegar a 72 horas. Para pel\u00edculas de Seguran\u00e7a o tempo de cura varia com a espessura, variando de 72 horas a algumas semanas para a finaliza\u00e7\u00e3o do processo.<\/p>\n<p>&nbsp;<\/p>\n<p>&nbsp;<\/p>\n<p><strong>4)&nbsp;&nbsp;&nbsp;&nbsp;&nbsp;&nbsp;\u00c9 necess\u00e1rio algum tipo de prepara\u00e7\u00e3o nos vidros ou ambiente para a instala\u00e7\u00e3o da pel\u00edcula?<\/strong><\/p>\n<p>&nbsp;<\/p>\n<p>&nbsp;<\/p>\n<p>N\u00e3o \u00e9 necess\u00e1rio nenhum preparo especial para a instala\u00e7\u00e3o. O ideal \u00e9 um ambiente limpo e iluminado, sem part\u00edculas em suspens\u00e3o como poeira e p\u00f3 de gesso. Os realizadores da ePel\u00edcula far\u00e3o toda a prepara\u00e7\u00e3o dos vidros para uma instala\u00e7\u00e3o perfeita.<\/p>\n<p>&nbsp;<\/p>\n<p>&nbsp;<\/p>\n<p>Caso o local esteja em obras, sugerimos que a instala\u00e7\u00e3o da pel\u00edcula seja realizada ao t\u00e9rmino da obra e do processo de limpeza decorrente desta. Nossa equipe n\u00e3o realiza limpeza dos vidros a fim de retirar restos de tintas e outros n\u00e3o relacionados \u00e0 execu\u00e7\u00e3o padr\u00e3o da instala\u00e7\u00e3o de pel\u00edculas.<\/p>\n<p>&nbsp;<\/p>\n<p>&nbsp;<\/p>\n<p><strong>5)&nbsp;&nbsp;&nbsp;&nbsp;&nbsp;&nbsp;O processo de instala\u00e7\u00e3o gera algum tipo de sujeira, barulho ou inconveniente?<\/strong><\/p>\n<p>&nbsp;<\/p>\n<p>&nbsp;<\/p>\n<p>N\u00e3o. Todo o material de descarte gerado na instala\u00e7\u00e3o ser\u00e1 recolhido por nossos realizadores visando deixar o ambiente conforme encontrado, ou melhor. A instala\u00e7\u00e3o \u00e9 executada com \u00e1gua e solu\u00e7\u00e3o de aplica\u00e7\u00e3o, portanto, existe a possibilidade do ambiente ser molhado durante o processo, e devidamente tratado e seco ap\u00f3s este.<\/p>\n<p>&nbsp;<\/p>\n<p>&nbsp;<\/p>\n<p>O processo de instala\u00e7\u00e3o n\u00e3o gera nenhum tipo de barulho com equipamentos, pois utilizamos somente borrifadores manuais ou de press\u00e3o. Nossa equipe est\u00e1 treinada para realizar a instala\u00e7\u00e3o de forma limpa e organizada, minimizando quaisquer inconvenientes poss\u00edveis.<\/p>\n<p>&nbsp;<\/p>\n<p>&nbsp;<\/p>\n<p><strong>6)&nbsp;&nbsp;&nbsp;&nbsp;&nbsp;&nbsp;A instala\u00e7\u00e3o da pel\u00edcula deve ser feita antes ou depois dos vidros colocados?<\/strong><\/p>\n<p>&nbsp;<\/p>\n<p>&nbsp;<\/p>\n<p>Para a maioria das pel\u00edculas independe se a instala\u00e7\u00e3o for realizada antes ou depois da coloca\u00e7\u00e3o dos vidros,<\/p>\n<p>&nbsp;<\/p>\n<p>&nbsp;<\/p>\n<p>\u00c9 importante ressaltar que a instala\u00e7\u00e3o antes de coloca\u00e7\u00e3o dos vidros confere um acabamento mais seguro do conjunto vidro-pel\u00edcula, pois, dependendo da forma de fixa\u00e7\u00e3o dos vidros, as extremidades da pel\u00edcula ficam dentro dos caixilhos.<\/p>\n<p>&nbsp;<\/p>\n<p>&nbsp;<\/p>\n<p>Tratando-se de Pel\u00edculas de Seguran\u00e7a onde a principal preocupa\u00e7\u00e3o \u00e9 o aumento da resist\u00eancia, \u00e9 indicada a instala\u00e7\u00e3o&nbsp;<strong>antes da fixa\u00e7\u00e3o dos vidros<\/strong>&nbsp;com o objetivo de que a pel\u00edcula fique muito pr\u00f3xima das suas bordas \u2013 o que pode n\u00e3o acontecer se a execu\u00e7\u00e3o ocorrer j\u00e1 com os vidros instalados.<\/p>\n<p>&nbsp;<\/p>\n<p>&nbsp;<\/p>\n<p>Em caso de quebra do vidro e dependendo do sistema de caixilho, o vidro sem mant\u00e9m preso na estrutura mesmo quebrado desde que utilizado o acabamento pr\u00f3ximo \u00e0s bordas, conseguido com a instala\u00e7\u00e3o no vidro solto.<\/p>\n<p>&nbsp;<\/p>\n<p>&nbsp;<\/p>\n<p><strong>7)&nbsp;&nbsp;&nbsp;&nbsp;&nbsp;&nbsp;Por que uma pel\u00edcula de instala\u00e7\u00e3o interna n\u00e3o pode ser instalada externamente?<\/strong><\/p>\n<p>&nbsp;<\/p>\n<p>&nbsp;<\/p>\n<p>A pel\u00edcula para instala\u00e7\u00e3o interna, quando instalada externamente, ficar\u00e1 exposta ao Ultravioleta sem prote\u00e7\u00e3o adequada. Ao inverter a posi\u00e7\u00e3o de instala\u00e7\u00e3o, a primeira camada que receber o raio solar \u00e9 o anti-risco, que n\u00e3o possui esta importante prote\u00e7\u00e3o que influencia em sua durabilidade.<\/p>\n<p>&nbsp;<\/p>\n<p>&nbsp;<\/p>\n<p>A pel\u00edcula possui diversas camadas em sua composi\u00e7\u00e3o, como anti-risco, poli\u00e9ster, pigmento e\/ou metaliza\u00e7\u00e3o, adesivo e o tratamento anti-UV. A fun\u00e7\u00e3o do anti-UV \u00e9:<\/p>\n<p>Evitar que esta faixa do raio solar entre no ambiente;<\/p>\n<p>Manter a integridade da pr\u00f3pria pel\u00edcula contra deterioriza\u00e7\u00f5es e desbotamento;<\/p>\n<p>&nbsp;<\/p>\n<p>Uma pel\u00edcula produzida para instala\u00e7\u00e3o interna possui filtro anti-UV no adesivo, pois, quando a instalamos internamente, o adesivo que estar\u00e1 em contato com a parte interna do vidro. Sendo assim, o raio solar ao atravessar o vidro, atinge o adesivo com o tratamento anti-UV, evitando a entrada desta faixa do espectro solar e protegendo o pr\u00f3prio produto, al\u00e9m de proteger o ambiente.<\/p>\n<p>&nbsp;<\/p>\n<p>&nbsp;<\/p>\n<p><strong>8)&nbsp;&nbsp;&nbsp;&nbsp;&nbsp;&nbsp;Por que uma pel\u00edcula para vidros n\u00e3o pode ser instalada em policarbonato?<\/strong><\/p>\n<p>&nbsp;<\/p>\n<p>&nbsp;<\/p>\n<p>O policarbonato possui a caracter\u00edstica de troca de \u201cgazes\u201d com o ambiente, ao decorrer de sua vida \u00fatil. Pel\u00edculas comuns n\u00e3o possuem a capacidade de liberar estes \u201cgazes\u201d fazendo com que sejam criadas bolhas ap\u00f3s a instala\u00e7\u00e3o. O tempo para a ocorr\u00eancia de bolhas depende da exposi\u00e7\u00e3o solar e, quanto maior a exposi\u00e7\u00e3o solar, mais r\u00e1pido as bolhas surgir\u00e3o.<\/p>\n<p>&nbsp;<\/p>\n<p>&nbsp;<\/p>\n<p>Pel\u00edculas espec\u00edficas para policarbonato possuem tecnologia que n\u00e3o limitam esta troca natural do policarbonato com o ambiente.<\/p>\n<p>&nbsp;<\/p>\n<p>&nbsp;<\/p>\n<p><strong>GARANTIA<\/strong><\/p>\n<p>&nbsp;<\/p>\n<p>&nbsp;<\/p>\n<p>&nbsp;<\/p>\n<p><strong>Qual a garantia das pel\u00edculas?<\/strong><\/p>\n<p>&nbsp;<\/p>\n<p>As pel\u00edculas possuem garantias distintas. Esta distin\u00e7\u00e3o est\u00e1 principalmente<br \/>\nrelacionada a fatores como m\u00e9todo de fabrica\u00e7\u00e3o, tecnologia empregada,<br \/>\ninsumos utilizados na produ\u00e7\u00e3o, desempenho t\u00e9cnico, caracter\u00edsticas do produto<br \/>\ne durabilidade, sempre detalhadas nas informa\u00e7\u00f5es do produto.<\/p>\n<p>&nbsp;<\/p>\n<p>A garantia padr\u00e3o do produto cobre falha adesiva, descascamento, rachadura,<br \/>\ndelamina\u00e7\u00e3o e desmetaliza\u00e7\u00e3o e varia de 2 a 5 anos.<\/p>\n<p>&nbsp;<\/p>\n<p>Produtos com m\u00e9todos de fabrica\u00e7\u00e3o que empregam maior tecnologia, como<br \/>\nos com Estabilidade de Pigmenta\u00e7\u00e3o e\/ou com Estabilidade de Metaliza\u00e7\u00e3o,<br \/>\npossuem garantia de 10 a 15 anos,&nbsp;cobrindo inclusive descolora\u00e7\u00e3o.<\/p>\n<p>&nbsp;<\/p>\n<p>Todos os produtos comercializados pela ePel\u00edcula seguem r\u00edgidos padr\u00f5es de<br \/>\nqualidade. Verifique atentamente caracter\u00edsticas e indica\u00e7\u00f5es dos produtos<br \/>\npara uma compra adequada, ou contate nosso atendimento para uma orienta\u00e7\u00e3o<br \/>\nt\u00e9cnica. Estaremos sempre dispostos para melhor atend\u00ea-lo.<\/p>\n<p>&nbsp;<\/p>\n<p><strong>Qual a garantia do servi\u00e7o de instala\u00e7\u00e3o das pel\u00edculas?<\/strong><\/p>\n<p>&nbsp;<\/p>\n<p>O servi\u00e7o de instala\u00e7\u00e3o \u00e9 gratuito e possui garantia total.&nbsp;Pode ser solicitada<br \/>\nqualquer revis\u00e3o na instala\u00e7\u00e3o por at\u00e9 60 dias da entrega. A ePel\u00edcula possui<br \/>\num sistema de aprova\u00e7\u00e3o dos servi\u00e7os redundante, ou seja, sua aprova\u00e7\u00e3o \u00e9<br \/>\nconfirmada e reconfirmada para que n\u00e3o haja qualquer possibilidade de<br \/>\natendimento, entrega e instala\u00e7\u00e3o abaixo dos padr\u00f5es de qualidade ePel\u00edcula.<\/p>\n<p>&nbsp;<\/p>\n<p><strong>Como funciona:<\/strong><\/p>\n<p>&nbsp;<\/p>\n<p><strong>Confirma\u00e7\u00e3o:<\/strong><\/p>\n<p>&nbsp;<\/p>\n<p>Ao t\u00e9rmino da entrega dos produtos e instala\u00e7\u00e3o nossa equipe estar\u00e1 portando<br \/>\num documento chamado de Termo de Aceite. O respons\u00e1vel \u00e9 convidado a<br \/>\nrevisar as instala\u00e7\u00f5es e, em caso de quaisquer inconformidades, fazer os<br \/>\napontamentos pertinentes para reparo. Estes apontamentos ser\u00e3o solucionados<br \/>\nneste mesmo momento.<\/p>\n<p>&nbsp;<\/p>\n<p>Em caso de qualquer impossibilidade de solu\u00e7\u00e3o imediata, realizaremos um<br \/>\nnovo agendamento para executar reparos com a maior brevidade.<\/p>\n<p>&nbsp;<\/p>\n<p><strong>Reconfirma\u00e7\u00e3o:<\/strong><\/p>\n<p>&nbsp;<\/p>\n<p>Mesmo ap\u00f3s a finaliza\u00e7\u00e3o da entrega\/instala\u00e7\u00e3o e assinatura do Termo de<br \/>\nAceite,&nbsp;o comprador ser\u00e1 convidado, atrav\u00e9s de email, a avaliar o servi\u00e7o de<br \/>\ninstala\u00e7\u00e3o realizado.<\/p>\n<p>&nbsp;<\/p>\n<p>Este e-mail \u00e9 de r\u00e1pido preenchimento. Possui cinco quest\u00f5es dicot\u00f4micas<br \/>\n(resposta sim ou n\u00e3o) e solicita uma nota de 0 a 10 para o servi\u00e7o de<br \/>\ninstala\u00e7\u00e3o realizado.<\/p>\n<p>&nbsp;<\/p>\n<p>Esta avalia\u00e7\u00e3o \u00e9 redundante e independente do Termo de Aceite (primeira<br \/>\navalia\u00e7\u00e3o realizada) e, em caso de desaprova\u00e7\u00e3o, enviaremos novamente nossa<br \/>\nequipe para a solu\u00e7\u00e3o dos eventuais problemas apontados.<\/p>\n<p>&nbsp;<\/p>\n<p><strong>Importante:&nbsp;<\/strong>N\u00e3o consideramos&nbsp;finalizada a entrega e instala\u00e7\u00e3o&nbsp;dos&nbsp;produtos<br \/>\nsem a obten\u00e7\u00e3o da&nbsp;aprova\u00e7\u00e3o&nbsp;atrav\u00e9s da confirma\u00e7\u00e3o e&nbsp;reconfirma\u00e7\u00e3o realizada<br \/>\npelos&nbsp;nossos clientes.<\/p>\n<p>&nbsp;<\/p>\n<p>&nbsp;<\/p>\n<p><strong>MANUTEN\u00c7\u00c3O<\/strong><\/p>\n<p>&nbsp;<\/p>\n<p>&nbsp;<\/p>\n<p><strong>1)&nbsp;&nbsp;&nbsp;&nbsp;&nbsp;&nbsp;A pel\u00edcula pode ficar roxa ou desbotar?<\/strong><\/p>\n<p>&nbsp;<\/p>\n<p>&nbsp;<\/p>\n<p>Dependendo da forma de fabrica\u00e7\u00e3o do produto e tecnologia, a pel\u00edcula n\u00e3o possui garantia contra desbotamento. Verifique nos dados do produto o item \u201cestabilidade de pigmento\u201d. Caso a op\u00e7\u00e3o seja \u201cSIM\u201d, o produto n\u00e3o ter\u00e1 altera\u00e7\u00e3o de cor ou desbotar\u00e1 pelo per\u00edodo de sua garantia.<\/p>\n<p>&nbsp;<\/p>\n<p>&nbsp;<\/p>\n<p><strong>2)&nbsp;&nbsp;&nbsp;&nbsp;&nbsp;&nbsp;A pel\u00edcula pode ficar manchada?<\/strong><\/p>\n<p>&nbsp;<\/p>\n<p>&nbsp;<\/p>\n<p>Caso a pel\u00edcula fique com manchas ap\u00f3s certo per\u00edodo da instala\u00e7\u00e3o e depois da cura total do adesivo pode ser considerado defeito, necessitando de an\u00e1lise. Havendo esta ocorr\u00eancia contate a central de atendimento ePel\u00edcula para orienta\u00e7\u00f5es e procedimentos.<\/p>\n<p>&nbsp;<\/p>\n<p>&nbsp;<\/p>\n<p>Alguns produtos de menor tecnologia e custo, que utilizam pigmento ou metaliza\u00e7\u00e3o, podem apresentar certa varia\u00e7\u00e3o na deposi\u00e7\u00e3o destes insumos no poli\u00e9ster, dando a impress\u00e3o de estarem manchadas.<\/p>\n<p>&nbsp;<\/p>\n<p>&nbsp;<\/p>\n<p><strong>3)&nbsp;&nbsp;&nbsp;&nbsp;&nbsp;&nbsp;As pel\u00edculas podem riscar?<\/strong><\/p>\n<p>&nbsp;<\/p>\n<p>&nbsp;<\/p>\n<p>O uso proposital ou involunt\u00e1rio de quaisquer objetos pontiagudos ou com superf\u00edcies \u00e1speras pode danificar as pel\u00edculas, dependendo da intensidade da agress\u00e3o.<\/p>\n<p>&nbsp;<\/p>\n<p>&nbsp;<\/p>\n<p>Todos os produtos vendidos pela ePel\u00edcula possuem camada anti-risco. Esta prote\u00e7\u00e3o serve para que o produto tenha durabilidade em condi\u00e7\u00f5es normais de uso e manuten\u00e7\u00e3o.<\/p>\n<p>&nbsp;<\/p>\n<p>&nbsp;<\/p>\n<p><strong>4)&nbsp;&nbsp;&nbsp;&nbsp;&nbsp;&nbsp;Quais produtos podem ser utilizados para a limpeza das pel\u00edculas?<\/strong><\/p>\n<p>&nbsp;<\/p>\n<p>&nbsp;<\/p>\n<p>As pel\u00edculas devem ser limpas utilizando-se somente pano macio embebido em \u00e1lcool ou detergente neutro. Quaisquer outros produtos qu\u00edmicos, limpa-vidros ou esponjas de qualquer natureza n\u00e3o s\u00e3o indicados, principalmente as mais abrasivas.<\/p>\n<p>&nbsp;<\/p>\n<p>&nbsp;<\/p>\n<p><strong>5)&nbsp;&nbsp;&nbsp;&nbsp;&nbsp;&nbsp;A pel\u00edcula pode perder suas caracter\u00edsticas de controle solar?<\/strong><\/p>\n<p>&nbsp;<\/p>\n<p>&nbsp;<\/p>\n<p>Todos os produtos manter\u00e3o suas caracter\u00edsticas t\u00e9cnicas pelo tempo respectivo a sua garantia. Produtos de maior tecnologia, por\u00e9m, tendem a manter estas caracter\u00edsticas por um tempo bem superior ao t\u00e9rmino da garantia.<\/p>\n<p>&nbsp;<\/p>\n<p>&nbsp;<\/p>\n<p>Fatores externos podem ocasionar altera\u00e7\u00e3o na capacidade de controle solar da pel\u00edcula, como limpeza com produtos n\u00e3o indicados, instala\u00e7\u00e3o externa de produtos projetados para utiliza\u00e7\u00e3o interna, entre outros fatores.<\/p>\n<p>&nbsp;<\/p>\n<p>&nbsp;<\/p>\n<p><strong>DESBOTAMENTO EM VITRINES, RESID\u00caNCIAS E ESCRIT\u00d3RIOS<\/strong><\/p>\n<p>&nbsp;<\/p>\n<p>&nbsp;<\/p>\n<p><strong>1)&nbsp;&nbsp;&nbsp;&nbsp;&nbsp;&nbsp;O que causa o desbotamento de tecidos e objetos?<\/strong><\/p>\n<p>&nbsp;<\/p>\n<p>&nbsp;<\/p>\n<p>O principal causador de deterioriza\u00e7\u00e3o e desbotamento de tecidos e objetos \u00e9 o raio solar, com aproximadamente 90% de influ\u00eancia, destacando-se o UV, com 40% de responsabilidade. Diversos outros fatores contribuem para o desbotamento, somando os outros 10%. Veja abaixo as causas:<\/p>\n<p>&nbsp;<\/p>\n<p>&nbsp;<\/p>\n<p>40% &#8211; Ultravioleta (UV)<\/p>\n<p>25% &#8211; Luz Vis\u00edvel (Luz)<\/p>\n<p>25% &#8211; Infravermelho (Calor)<\/p>\n<p>10% &#8211; Outros Fatores:<\/p>\n<p>Qualidade do fixador do pigmento do tecido ou objeto;<\/p>\n<p>Umidade relativa do ar;<\/p>\n<p>Temperatura do ambiente;<\/p>\n<p>Polui\u00e7\u00e3o;<\/p>\n<p>Ilumina\u00e7\u00e3o Artificial;<\/p>\n<p>Outros;<\/p>\n<p>&nbsp;<\/p>\n<p>&nbsp;<\/p>\n<p>Os fatores acima influenciam nesta propor\u00e7\u00e3o a maioria dos tecidos e objetos. Pode haver casos que em que tecidos e objetos reagem de forma sensivelmente diferente aos fatores descritos acima, dependendo principalmente de sua composi\u00e7\u00e3o qu\u00edmica e de fatores ambientais.<\/p>\n<p>&nbsp;<\/p>\n<p>&nbsp;<\/p>\n<p><strong>2)&nbsp;&nbsp;&nbsp;&nbsp;&nbsp;&nbsp;Em resid\u00eancias e escrit\u00f3rios, a pel\u00edcula elimina o desbotamento de cortinas, pisos e m\u00f3veis?<\/strong><\/p>\n<p>&nbsp;<\/p>\n<p>&nbsp;<\/p>\n<p>A pel\u00edcula pode agir em aproximadamente 90% das causas de deterioriza\u00e7\u00e3o e desbotamento de tecidos e objetos, sendo estas o Ultravioleta (UV), a Luz Vis\u00edvel (LV) e o Infravermelho (IV). Com isto, a instala\u00e7\u00e3o da pel\u00edcula conseguir\u00e1 controlar o desbotamento de cortinas, persianas, m\u00f3veis, pisos e objetos. Dependendo da escolha do produto, sempre priorizando os que rejeitam ao m\u00e1ximo as tr\u00eas causas acima, a pel\u00edcula ir\u00e1 reduzir demasiadamente o desbotamento, por\u00e9m n\u00e3o vai elimin\u00e1-lo.<\/p>\n<p>&nbsp;<\/p>\n<p>&nbsp;<\/p>\n<p>Para especificar o melhor produto, filtre em nossa p\u00e1gina de produtos uma pel\u00edcula com:<\/p>\n<ul>\n<li>\n<ul>\n<li>&lt;Menor Transmiss\u00e3o de Ultravioleta (UV);<\/li>\n<li>&lt;Menor Transmiss\u00e3o de Luz Vis\u00edvel (LV);<\/li>\n<li>&gt;Maior rejei\u00e7\u00e3o de Calor (IV);<\/li>\n<\/ul>\n<\/li>\n<\/ul>\n<p>&nbsp;<\/p>\n<p>&nbsp;<\/p>\n<p>&nbsp;<\/p>\n<p>Caso sua necessidade seja um produto que seja transl\u00facido, visando, por exemplo, n\u00e3o alterar demasiadamente as caracter\u00edsticas do vidro, o produto indicado \u00e9 um da linha Termo-Seletiva.<\/p>\n<p>&nbsp;<\/p>\n<p>Produtos da linha Termo-Seletiva podem rejeitar at\u00e9 99% do UV e 99% do Infravermelho, na faixa de 1.000nm. Por\u00e9m, sendo o objetivo a n\u00e3o altera\u00e7\u00e3o da caracter\u00edstica do vidro que \u00e9 transl\u00facido, este produto n\u00e3o trabalha na rejei\u00e7\u00e3o da Luz Vis\u00edvel, deixando assim de influenciar em 25% das causas da deterioriza\u00e7\u00e3o de tecidos e objetos.<\/p>\n<p>&nbsp;<\/p>\n<p>&nbsp;<\/p>\n<p><strong>3)&nbsp;&nbsp;&nbsp;&nbsp;&nbsp;&nbsp;Em vitrines, a pel\u00edcula elimina a perda de mercadorias com deterioriza\u00e7\u00e3o e desbotamento?<\/strong><\/p>\n<p>&nbsp;<\/p>\n<p>&nbsp;<\/p>\n<p>Dependendo da escolha do produto, sempre priorizando os que rejeitam ao m\u00e1ximo o UV e o IV, a pel\u00edcula ir\u00e1 reduzir demasiadamente a deterioriza\u00e7\u00e3o de tecidos e objetos, por\u00e9m n\u00e3o vai elimin\u00e1-la.<\/p>\n<p>&nbsp;<\/p>\n<p>&nbsp;<\/p>\n<p>Diferentemente de \u00e1reas comuns, a instala\u00e7\u00e3o de pel\u00edculas em vitrines requer produtos transl\u00facidos e, desta forma, deixamos de controlar a Luz Vis\u00edvel (LV), respons\u00e1vel por aproximadamente 25% dos fatores do desbotamento.<\/p>\n<p>&nbsp;<\/p>\n<p>&nbsp;<\/p>\n<p>Para especificar o melhor produto para VITRINES, filtre em nossa p\u00e1gina de produtos uma pel\u00edcula com:<\/p>\n<ul>\n<li>\n<ul>\n<li>&lt;Menor Transmiss\u00e3o de Ultravioleta (UV);<\/li>\n<li>&gt;Maior Transmiss\u00e3o de Luz Vis\u00edvel (LV);<\/li>\n<li>&gt;Maior Rejei\u00e7\u00e3o de Calor (IV);<\/li>\n<\/ul>\n<\/li>\n<\/ul>\n<p>&nbsp;<\/p>\n<p>&nbsp;<\/p>\n<p>&nbsp;<\/p>\n<p><strong>MEIO AMBIENTE<\/strong><\/p>\n<p>&nbsp;<\/p>\n<p>&nbsp;<\/p>\n<p><strong>1)&nbsp;&nbsp;&nbsp;&nbsp;&nbsp;&nbsp;O uso de pel\u00edculas causa impacto positivo ao meio ambiente?<\/strong><\/p>\n<p>&nbsp;<\/p>\n<p>&nbsp;<\/p>\n<p>Sim. Utilizar produtos de controle solar em arquitetura significa diminuir o impacto ambiental, contribuindo para uma menor emiss\u00e3o de carbono. A constata\u00e7\u00e3o \u00e9 simples: as pel\u00edculas de controle solar, principalmente as que possuem significativo desempenho na redu\u00e7\u00e3o do infravermelho, s\u00e3o respons\u00e1veis pela redu\u00e7\u00e3o de gastos com energia em edif\u00edcios, ve\u00edculos e casas.<\/p>\n<p>&nbsp;<\/p>\n<p>Sendo carbono-negativo e ecologicamente correta, a utiliza\u00e7\u00e3o de pel\u00edculas auxilia na redu\u00e7\u00e3o de emiss\u00e3o de carbono atrav\u00e9s da redu\u00e7\u00e3o do consumo de energia el\u00e9trica. Esta redu\u00e7\u00e3o de carbono nos edif\u00edcios torna neutra, ao longo do tempo, quaisquer impactos gerados na produ\u00e7\u00e3o da pel\u00edcula, como a utiliza\u00e7\u00e3o de metais, adesivos e derivados de petr\u00f3leo em sua composi\u00e7\u00e3o.<\/p>\n<p>&nbsp;<\/p>\n<p>&nbsp;<\/p>\n<p><strong>2)&nbsp;&nbsp;&nbsp;&nbsp;&nbsp;&nbsp;A utiliza\u00e7\u00e3o de pel\u00edcula pode influenciar nas plantas do meu ambiente?<\/strong><\/p>\n<p>&nbsp;<\/p>\n<p>&nbsp;<\/p>\n<p>Depende da planta. Na maioria dos casos, se uma planta j\u00e1 est\u00e1 recebendo luz adequada, a utiliza\u00e7\u00e3o de pel\u00edcula n\u00e3o ir\u00e1 prejudic\u00e1-la. \u00c9 prov\u00e1vel que seu ritmo de crescimento ou flora\u00e7\u00e3o possa ser alterado, e, ap\u00f3s alguns dias, a planta pode se ajustar \u00e0 mudan\u00e7a de luz.<\/p>\n<p>&nbsp;<\/p>\n<p>&nbsp;<\/p>\n<p>Se uma determinada planta normalmente murcha no final de um dia de sol, esta poder\u00e1, na verdade, crescer melhor com pel\u00edcula instalada. Como sabemos, plantas verdes escuras precisam de menos luz do que as coloridas mais leves.<\/p>\n<p>&nbsp;<\/p>\n<p>&nbsp;<\/p>\n<p>Fa\u00e7a um teste r\u00e1pido antes da instala\u00e7\u00e3o da pel\u00edcula: mude a planta para uma \u00e1rea com menos luz solar por alguns dias e observe sua rea\u00e7\u00e3o. Al\u00e9m disso, a maioria dos viveiros ou empresas especializadas pode nos aconselhar se uma determinada planta precisa de mais ou menos exposi\u00e7\u00e3o \u00e0 luz solar.<\/p>\n<p>&nbsp;<\/p>\n<p>&nbsp;<\/p>\n<p><strong>ENTENDENDO A ENERGIA SOLAR<\/strong><\/p>\n<p>&nbsp;<\/p>\n<p>&nbsp;<\/p>\n<p><strong>1)&nbsp;&nbsp;&nbsp;&nbsp;&nbsp;&nbsp;Introdu\u00e7\u00e3o<\/strong><\/p>\n<p>&nbsp;<\/p>\n<p>&nbsp;<\/p>\n<p>O Mundo, a cada dia, est\u00e1 mais preocupado e em busca de solu\u00e7\u00f5es, h\u00e1bitos e produtos que n\u00e3o agridam o meio ambiente, tanto em sua fabrica\u00e7\u00e3o, quanto na utiliza\u00e7\u00e3o e descarte. E na busca por solu\u00e7\u00f5es sustent\u00e1veis, a utiliza\u00e7\u00e3o cada vez maior de \u00e1reas envidra\u00e7adas em constru\u00e7\u00f5es \u00e9 uma tend\u00eancia.<\/p>\n<p>&nbsp;<\/p>\n<p>&nbsp;<\/p>\n<p>Sabemos que quanto maior a \u00e1rea envidra\u00e7ada, maior ser\u00e1 a luminosidade natural e a conseq\u00fcente redu\u00e7\u00e3o de gastos com energia el\u00e9trica para ilumina\u00e7\u00e3o. Por\u00e9m, quanto maior a \u00e1rea envidra\u00e7ada, maior ser\u00e1 tamb\u00e9m a admiss\u00e3o de energia t\u00e9rmica atrav\u00e9s do espectro infravermelho solar. Por isso, acreditamos que especificar um produto adequado para arquitetura \u00e9 extremamente necess\u00e1rio para propiciar garantias na redu\u00e7\u00e3o eficiente dos raios infravermelhos, controle da luminosidade, al\u00e9m de criar privacidade e auxiliar na conserva\u00e7\u00e3o e prote\u00e7\u00e3o de mob\u00edlias, tecidos, produtos estocados do ambiente.<\/p>\n<p>&nbsp;<\/p>\n<p>&nbsp;<\/p>\n<p>Paredes e coberturas expostas tamb\u00e9m absorvem o calor solar, que \u00e9 ent\u00e3o para o interior dos ambientes transferido por um processo conhecido como condu\u00e7\u00e3o. Logicamente, o calor tamb\u00e9m pode irradiar de emissores como lareiras, l\u00e2mpadas, fornos, etc.<\/p>\n<p>&nbsp;<\/p>\n<p>&nbsp;<\/p>\n<p>Uma das caracter\u00edsticas mais comuns das pel\u00edculas de controle solar \u00e9 sua habilidade em regular a quantidade de energia solar que passa pelo vidro. A prote\u00e7\u00e3o com seguran\u00e7a \u00e9 outro grande benef\u00edcio oferecido pelos v\u00e1rios tipos de pel\u00edculas.<\/p>\n<p>&nbsp;<\/p>\n<p>&nbsp;<\/p>\n<p>Buscando entender as propriedades das pel\u00edculas, faz-se necess\u00e1rio abordarmos como funciona a energia radiante solar e os dois m\u00e9todos de transfer\u00eancia de calor: a condu\u00e7\u00e3o e a convec\u00e7\u00e3o.<\/p>\n<p>&nbsp;<\/p>\n<p>&nbsp;<\/p>\n<p><strong>2)&nbsp;&nbsp;&nbsp;&nbsp;&nbsp;&nbsp;Comprimento de onda<\/strong><\/p>\n<p>&nbsp;<\/p>\n<p>&nbsp;<\/p>\n<p>A energia \u00e9 uma medida de atividade molecular que resulta na gera\u00e7\u00e3o de calor. Quanto maior a atividade molecular, mais energia \u00e9 produzida, o que gera mais calor. \u00c9 tamb\u00e9m importante observar que a energia do calor sempre flui das temperaturas mais altas paras as mais baixas.<\/p>\n<p>&nbsp;<\/p>\n<p>&nbsp;<\/p>\n<p>O sol \u00e9 uma enorme fonte de energia. Ele envia ininterruptamente sua energia para o espa\u00e7o em dire\u00e7\u00e3o \u00e0 terra sobre forma de radia\u00e7\u00e3o eletromagn\u00e9tica ou ondas de energia. Podemos medir estas ondas em nan\u00f4metros. Todas as formas de energia podem ser expressas em comprimentos de onda. Um comprimento de onda \u00e9 o comprimento de um ciclo total de uma curva constante. Um nan\u00f4metro \u00e9 igual \u00e0 bilion\u00e9sima parte de metro, ou a 0,00000000394 polegadas.<\/p>\n<p>&nbsp;<\/p>\n<p>&nbsp;<\/p>\n<p>&nbsp;<\/p>\n<p><strong>&nbsp;<\/strong><\/p>\n<p><strong>3)&nbsp;&nbsp;&nbsp;&nbsp;&nbsp;&nbsp;Espectro Eletromagn\u00e9tico<\/strong><\/p>\n<p>&nbsp;<\/p>\n<p>&nbsp;<\/p>\n<p>O diagrama abaixo apresenta o espectro eletromagn\u00e9tico medido em nan\u00f4metros.<\/p>\n<p>&nbsp;<\/p>\n<p>&nbsp;<\/p>\n<p>&nbsp;<\/p>\n<p>Inclu\u00eddos na potente banda de comprimento de onda curta est\u00e3o os raios ultravioletas mais energ\u00e9ticos e invis\u00edveis. H\u00e1 tr\u00eas tipos de raios Ultravioletas: o Uva (320 a 400nm), O UVb (290 a 320 nm) e o UVc (100 a 290nm).<\/p>\n<p>&nbsp;<\/p>\n<p>&nbsp;<\/p>\n<p>A atmosfera terrestre e a camada de oz\u00f4nio filtram a maioria dos raios UVc e uma porcentagem dos UVb. Os raios UVb causam queimaduras e a exposi\u00e7\u00e3o prolongada a esses raios no decorrer dos anos t\u00eam sido relacionada ao c\u00e2ncer de pele. No entanto, em conhecidos estudos da atmosfera, os cientistas v\u00eam se preocupando de camada de oz\u00f4nio da terra. Como sabemos Isto resulta em uma maior quantidade de radia\u00e7\u00e3o UV atingindo a superf\u00edcie da Terra, com conseq\u00fc\u00eancia prov\u00e1vel de aumento significativo de incid\u00eancia de c\u00e2ncer de pele.<\/p>\n<p>&nbsp;<\/p>\n<p>&nbsp;<\/p>\n<p><strong>4)&nbsp;&nbsp;&nbsp;&nbsp;&nbsp;&nbsp;Espectro Eletromagn\u00e9tico Solar<\/strong><\/p>\n<p>&nbsp;<\/p>\n<p>&nbsp;<\/p>\n<p>O Espectro Eletromagn\u00e9tico Solar \u00e9 divida em tr\u00eas faixas e cada uma delas causa um efeito diferente quando atinge a atmosfera.<\/p>\n<p>&nbsp;<\/p>\n<p>&nbsp;<\/p>\n<p>Aproximadamente 44% da energia solar \u00e9 recebida sob forma de Luz Vis\u00edvel. J\u00e1 a luz invis\u00edvel, sob forma de calor solar Infravermelha corresponde \u00e0 53% dos raios solares. Por fim, a radia\u00e7\u00e3o Ultravioleta representa, em quantidade, apenas 3% do total do espectro solar que recebemos.<\/p>\n<p>&nbsp;<\/p>\n<p>&nbsp;<\/p>\n<p>O que se considera como banda vis\u00edvel do espectro solar varia em torno de 380 a 780 nan\u00f4metros. Esta \u00e9 a \u00fanica parte do espectro vis\u00edvel a olho nu. Acima de 780 nan\u00f4metros existem outros raios que n\u00e3o conseguimos enxergar, mas somente sentir como calor. Esses raios s\u00e3o conhecidos como infravermelhos.<\/p>\n<p>&nbsp;<\/p>\n<p>&nbsp;<\/p>\n<p><strong>5)&nbsp;&nbsp;&nbsp;&nbsp;&nbsp;&nbsp;Formas de Transfer\u00eancia de Calor<\/strong><\/p>\n<p>A mesma import\u00e2ncia dada \u00e1s v\u00e1rias formas de energia eletromagn\u00e9tica provindas do sol tamb\u00e9m deve ser dada para entender como funciona a transfer\u00eancia de calor. H\u00e1 tr\u00eas formas de transfer\u00eancia de calor: a radia\u00e7\u00e3o, a condu\u00e7\u00e3o e a convec\u00e7\u00e3o.<\/p>\n<p>&nbsp;<\/p>\n<p>&nbsp;<\/p>\n<ol>\n<li><strong>Radia\u00e7\u00e3o<\/strong><\/li>\n<\/ol>\n<p>&nbsp;<\/p>\n<p>A transmiss\u00e3o de energia atrav\u00e9s do espa\u00e7o \u00e9 chamada radia\u00e7\u00e3o. Este processo de transmiss\u00e3o do calor n\u00e3o depende da presen\u00e7a de um meio material, podendo ocorrer atrav\u00e9s do v\u00e1cuo. A energia solar, por exemplo, chega at\u00e9 n\u00f3s dessa forma.<\/p>\n<p>A energia transmitida deste modo \u00e9 denominada energia radiante e apresenta-se na forma de ondas eletromagn\u00e9ticas, assim como as ondas de r\u00e1dio, as microondas, a luz vis\u00edvel, a radia\u00e7\u00e3o ultravioleta (UV), os raios X e os raios gama. Essas formas de energia radiante est\u00e3o classificadas por ordem de comprimento de onda (ou de freq\u00fc\u00eancia) constituindo o espectro eletromagn\u00e9tico.<\/p>\n<p>A transfer\u00eancia de calor por radia\u00e7\u00e3o geralmente envolve a faixa do espectro conhecida por infravermelho (IV). Qualquer objeto libera energia radiante. Objetos a uma maior temperatura liberam mais energia radiante que objetos a uma menor temperatura.<\/p>\n<p>&nbsp;<\/p>\n<p>&nbsp;<\/p>\n<ol>\n<li><strong>Condu\u00e7\u00e3o:<\/strong><\/li>\n<\/ol>\n<p>&nbsp;<\/p>\n<p>&nbsp;<\/p>\n<p>A condu\u00e7\u00e3o \u00e9 o \u00fanico m\u00e9todo de transfer\u00eancia de calor em s\u00f3lidos opacos. Como sabemos, quando a temperatura de uma extremidade de uma haste de metal aumenta, o calor se propaga para a outra extremidade. N\u00e3o se sabe ao certo o mecanismo de perde de calor em s\u00f3lidos, mas acredita-se que seja parcialmente devido ao movimento dos el\u00e9trons livres.<\/p>\n<p>&nbsp;<\/p>\n<p>Isto explica a raz\u00e3o pela qual bons condutores de calor tamb\u00e9m tenham a tend\u00eancia de ser bons condutores de eletricidade. No entanto, a condu\u00e7\u00e3o \u00e9 um termo que descreve a transfer\u00eancia de energia (calor) atrav\u00e9s de um s\u00f3lido, como por exemplo, um vidro de janela, uma parede, uma esquadria, etc., atrav\u00e9s do contato f\u00edsico.<\/p>\n<p>&nbsp;<\/p>\n<p>Por exemplo, o vidro que se aquece devido \u00e1 energia solar transfere esse calor para as esquadrias eu o sustenta podendo por sua vez transferi-lo para a parede. Tal mat\u00e9ria s\u00f3lida tamb\u00e9m absorve calor e em seguida transfere sobre forma de calor re-irradiado. A pel\u00edcula \u00e9 capaz de refletir o calor solar, por\u00e9m, ela tamb\u00e9m o absorve e o irradia novamente.<\/p>\n<p>&nbsp;<\/p>\n<p>&nbsp;<\/p>\n<ol>\n<li><strong>Convec\u00e7\u00e3o:<\/strong><\/li>\n<\/ol>\n<p>&nbsp;<\/p>\n<p>&nbsp;<\/p>\n<p>A convec\u00e7\u00e3o tamb\u00e9m ocorre entre dois objetos que s\u00e3o colocados em contato. A condu\u00e7\u00e3o entre uma superf\u00edcie s\u00f3lida e um l\u00edquido ou g\u00e1s em movimento \u00e9 conhecida como convec\u00e7\u00e3o. O movimento pode ser natural ou induzido. A convec\u00e7\u00e3o representa uma forma distinta de condu\u00e7\u00e3o de calor, \u00e9 o movimento do calor que est\u00e1 sendo mais uma vez irradiado.<\/p>\n<p>&nbsp;<\/p>\n<p>O calor pode ser transferido pela oscila\u00e7\u00e3o do vento ou movimento atrav\u00e9s de uma massa de ar quando \u00e9 alcan\u00e7ada uma temperatura de equil\u00edbrio. O movimento do calor pode ter duas dire\u00e7\u00f5es, ou seja, ele \u00e9 irradiado para fora ou para dentro.<\/p>\n<p>&nbsp;<\/p>\n<p>&nbsp;<\/p>\n<p><strong>6)&nbsp;&nbsp;&nbsp;&nbsp;&nbsp;&nbsp;BTU, unidade de Medida de Calor:<\/strong><\/p>\n<p>&nbsp;<\/p>\n<p>&nbsp;<\/p>\n<p>A maioria das discuss\u00f5es sobre perda e ganho de calor em edif\u00edcios usa o BTU, Unidade T\u00e9rmica Brit\u00e2nica como unidade de medi\u00e7\u00e3o. Uma BTU \u00e9 uma quantidade de calor necess\u00e1ria para aumentar a temperatura de uma libra de \u00e1gua por grau Fahrenheit.<\/p>\n<p>&nbsp;<\/p>\n<p>&nbsp;<\/p>\n<p>A sa\u00edda de sistemas de ar condicionado \u00e9 medida por \u201ctoneladas de ar condicionado\u201d que s\u00e3o equivalentes a kilowatts de eletricidade. O volume de ar condicionado \u00e9 medido por tonelada, sendo que uma tonelada de ar condicionado transporta 12.000 BTUs por hora.<\/p>\n<p>&nbsp;<\/p>\n<p>&nbsp;<\/p>\n<p>Esta medida pode ser convertida no custo do ar condicionado. Por exemplo, um sistema precisar\u00e1 de um kilowatt de eletricidade por tonelada de ar condicionado, mais um adicional de \u00bc de kilowatt para mover o ar. Ao se multiplicar o total de kilowatts pela taxa de custo\/kilowatt, teremos o custo por tonelada.<\/p>\n<p>&nbsp;<\/p>\n<p>&nbsp;<\/p>\n<p>Este \u00e9 um fator importante ao se calcular as vantagens econ\u00f4micas da utiliza\u00e7\u00e3o de pel\u00edculas nas janelas.<\/p>\n<p>&nbsp;<\/p>\n<p>&nbsp;<\/p>\n<p><strong>7)&nbsp;&nbsp;&nbsp;&nbsp;&nbsp;&nbsp;Luz, Luminosidade e Lumin\u00e2ncia:<\/strong><\/p>\n<p>&nbsp;<\/p>\n<p>A Luz, ou tecnicamente Luz Vis\u00edvel, \u00e9 uma faixa do espectro solar (380~780 nan\u00f4metros) que possu\u00edmos capacidade de enxergar. Em termos pr\u00e1ticos, podemos dizer que a pel\u00edcula controla a passagem da Luz Vis\u00edvel, dado facilmente verificado em todos os produtos atrav\u00e9s da Transmiss\u00e3o da Luz Vis\u00edvel (%) tamb\u00e9m conhecida como Transmiss\u00e3o Luminosa.<\/p>\n<p>&nbsp;<\/p>\n<p>Popularmente entendemos luminosidade como a claridade de um ambiente*. Por\u00e9m esta n\u00e3o deve ser confundida com lumin\u00e2ncia, uma medida da densidade da intensidade de uma luz refletida numa dada dire\u00e7\u00e3o.<\/p>\n<p>&nbsp;<\/p>\n<p>A Lumin\u00e2ncia \u00e9, em termos pr\u00e1ticos, o reflexo da Luz Vis\u00edvel no ambiente. Portanto, uma maior ou menor lumin\u00e2ncia depende n\u00e3o somente do quanto admitimos de Luz Vis\u00edvel pelo conjunto vidro-pel\u00edcula, mas tamb\u00e9m da \u201ccapacidade de reflex\u00e3o de luz\u201d dos ambientes, o que estar\u00e1 determinado pelo padr\u00e3o de cores utilizados nestes a ser refletido.<\/p>\n<p>&nbsp;<\/p>\n<p>Por exemplo, podemos ter dois apartamentos iguais, com mesmo tamanho de janela e pel\u00edcula mesma aplicada. Neste exemplo, o apartamento A ter\u00e1 maior lumin\u00e2ncia devido \u00e0 suas paredes serem todas pintadas de branco. J\u00e1 no apartamento B, teremos menor lumin\u00e2ncia por utilizar padr\u00e3o de cores mais \u201cescuro\u201d, com tons de marrom e bege.<\/p>\n<p>&nbsp;<\/p>\n<p><em>*Tecnicamente, luminosidade \u00e9 um termo utilizado na astronomia que se refere \u00e0 quantidade de energia&nbsp;que um corpo irradia em uma unidade de tempo, expressa em unidades de watts&nbsp;ou em termos da Luminosidade solar, Lsol. Neste caso ela \u00e9 a quantidade energia o objeto irradia comparado com o Sol..<\/em><\/p>\n<p>&nbsp;<\/p>\n","protected":false},"excerpt":{"rendered":"<p>&nbsp; BENEF\u00cdCIOS E CARACTER\u00cdSTICAS DAS PEL\u00cdCULAS RESIDENCIAIS E AUTOMOTIVAS &nbsp; 1)&nbsp;&nbsp;&nbsp;&nbsp;&nbsp;&nbsp;As pel\u00edculas n\u00e3o s\u00e3o todas iguais? Por que temos diferen\u00e7as nos pre\u00e7os? &nbsp; As pel\u00edculas diferenciam-se basicamente por tr\u00eas fatores: &nbsp; M\u00e9todo de fabrica\u00e7\u00e3o, insumos e tecnologia empregada; Desempenho t\u00e9cnico; Durabilidade; &nbsp; Varia\u00e7\u00f5es e combina\u00e7\u00f5es destes fatores influenciam diretamente no custo de produ\u00e7\u00e3o e por &hellip;<\/p>\n<p class=\"read-more\"> <a class=\"\" href=\"https:\/\/hcontrolfilm.com.br\/novo\/peliculas-caracteristicas-precos-diferencas\/\"> <span class=\"screen-reader-text\">Pre\u00e7o do Insulfilm Pel\u00edculas: caracter\u00edsticas, pre\u00e7os e diferen\u00e7as<\/span> Read More &raquo;<\/a><\/p>\n","protected":false},"author":4,"featured_media":1807,"comment_status":"open","ping_status":"open","sticky":false,"template":"","format":"standard","meta":{"site-sidebar-layout":"default","site-content-layout":"default","ast-global-header-display":"","ast-main-header-display":"","ast-hfb-above-header-display":"","ast-hfb-below-header-display":"","ast-hfb-mobile-header-display":"","site-post-title":"","ast-breadcrumbs-content":"","ast-featured-img":"","footer-sml-layout":"","theme-transparent-header-meta":"","adv-header-id-meta":"","stick-header-meta":"","header-above-stick-meta":"","header-main-stick-meta":"","header-below-stick-meta":"","footnotes":""},"categories":[235],"tags":[],"class_list":["post-1806","post","type-post","status-publish","format-standard","has-post-thumbnail","hentry","category-blog-insulfilm"],"_links":{"self":[{"href":"https:\/\/hcontrolfilm.com.br\/novo\/wp-json\/wp\/v2\/posts\/1806","targetHints":{"allow":["GET"]}}],"collection":[{"href":"https:\/\/hcontrolfilm.com.br\/novo\/wp-json\/wp\/v2\/posts"}],"about":[{"href":"https:\/\/hcontrolfilm.com.br\/novo\/wp-json\/wp\/v2\/types\/post"}],"author":[{"embeddable":true,"href":"https:\/\/hcontrolfilm.com.br\/novo\/wp-json\/wp\/v2\/users\/4"}],"replies":[{"embeddable":true,"href":"https:\/\/hcontrolfilm.com.br\/novo\/wp-json\/wp\/v2\/comments?post=1806"}],"version-history":[{"count":0,"href":"https:\/\/hcontrolfilm.com.br\/novo\/wp-json\/wp\/v2\/posts\/1806\/revisions"}],"wp:featuredmedia":[{"embeddable":true,"href":"https:\/\/hcontrolfilm.com.br\/novo\/wp-json\/wp\/v2\/media\/1807"}],"wp:attachment":[{"href":"https:\/\/hcontrolfilm.com.br\/novo\/wp-json\/wp\/v2\/media?parent=1806"}],"wp:term":[{"taxonomy":"category","embeddable":true,"href":"https:\/\/hcontrolfilm.com.br\/novo\/wp-json\/wp\/v2\/categories?post=1806"},{"taxonomy":"post_tag","embeddable":true,"href":"https:\/\/hcontrolfilm.com.br\/novo\/wp-json\/wp\/v2\/tags?post=1806"}],"curies":[{"name":"wp","href":"https:\/\/api.w.org\/{rel}","templated":true}]}}